{"id":6292,"date":"2025-12-09T00:02:59","date_gmt":"2025-12-08T22:02:59","guid":{"rendered":"https:\/\/luxmusicae.com\/?p=6292"},"modified":"2025-12-09T00:03:00","modified_gmt":"2025-12-08T22:03:00","slug":"lux-musicaes-avslutningskonsert-kan-horas-pa-yle-arenan-fram-till-den-7-1-2026","status":"publish","type":"post","link":"https:\/\/luxmusicae.com\/sv\/lux-musicaes-avslutningskonsert-kan-horas-pa-yle-arenan-fram-till-den-7-1-2026\/","title":{"rendered":"Lux Musicaes avslutningskonsert kan h\u00f6ras p\u00e5 Yle Arenan fram till den 7.1.2026"},"content":{"rendered":"\n<p>Lyssna p\u00e5 Arenan: <a href=\"https:\/\/areena.yle.fi\/1-76373396\">https:\/\/areena.yle.fi\/1-76373396<\/a><\/p>\n","protected":false},"excerpt":{"rendered":"<p>Lyssna p\u00e5 Arenan: https:\/\/areena.yle.fi\/1-76373396<\/p>\n","protected":false},"author":1,"featured_media":6290,"comment_status":"closed","ping_status":"open","sticky":false,"template":"","format":"standard","meta":{"_uag_custom_page_level_css":"","jetpack_post_was_ever_published":false,"_jetpack_newsletter_access":"","_jetpack_dont_email_post_to_subs":false,"_jetpack_newsletter_tier_id":0,"_jetpack_memberships_contains_paywalled_content":false,"_jetpack_memberships_contains_paid_content":false,"footnotes":""},"categories":[62],"tags":[],"class_list":["post-6292","post","type-post","status-publish","format-standard","has-post-thumbnail","hentry","category-aktuellt"],"yoast_head":"<!-- This site is optimized with the Yoast SEO plugin v26.8 - https:\/\/yoast.com\/product\/yoast-seo-wordpress\/ -->\n<title>Lux Musicae 13.-15.11.2026 - Lux Musicaes avslutningskonsert kan h\u00f6ras p\u00e5 Yle Arenan fram till den 7.1.2026<\/title>\n<meta name=\"robots\" content=\"index, follow, max-snippet:-1, max-image-preview:large, max-video-preview:-1\" \/>\n<link rel=\"canonical\" href=\"https:\/\/luxmusicae.com\/sv\/lux-musicaes-avslutningskonsert-kan-horas-pa-yle-arenan-fram-till-den-7-1-2026\/\" \/>\n<meta property=\"og:locale\" content=\"sv_SE\" \/>\n<meta property=\"og:type\" content=\"article\" \/>\n<meta property=\"og:title\" content=\"Lux Musicae 13.-15.11.2026 - Lux Musicaes avslutningskonsert kan h\u00f6ras p\u00e5 Yle Arenan fram till den 7.1.2026\" \/>\n<meta property=\"og:description\" content=\"Lyssna p\u00e5 Arenan: https:\/\/areena.yle.fi\/1-76373396\" \/>\n<meta property=\"og:url\" content=\"https:\/\/luxmusicae.com\/sv\/lux-musicaes-avslutningskonsert-kan-horas-pa-yle-arenan-fram-till-den-7-1-2026\/\" \/>\n<meta property=\"og:site_name\" content=\"Lux Musicae 13.-15.11.2026\" \/>\n<meta property=\"article:published_time\" content=\"2025-12-08T22:02:59+00:00\" \/>\n<meta property=\"article:modified_time\" content=\"2025-12-08T22:03:00+00:00\" \/>\n<meta property=\"og:image\" content=\"http:\/\/luxmusicae.com\/wp-content\/uploads\/2025\/12\/LuxMusicae2025_YLE_Areena_1080px.jpg\" \/>\n\t<meta property=\"og:image:width\" content=\"1080\" \/>\n\t<meta property=\"og:image:height\" content=\"1080\" \/>\n\t<meta property=\"og:image:type\" content=\"image\/jpeg\" \/>\n<meta name=\"author\" content=\"Lux Musicae Admin\" \/>\n<meta name=\"twitter:card\" content=\"summary_large_image\" \/>\n<meta name=\"twitter:label1\" content=\"Skriven av\" \/>\n\t<meta name=\"twitter:data1\" content=\"Lux Musicae Admin\" \/>\n<script type=\"application\/ld+json\" class=\"yoast-schema-graph\">{\"@context\":\"https:\/\/schema.org\",\"@graph\":[{\"@type\":\"Article\",\"@id\":\"https:\/\/luxmusicae.com\/sv\/lux-musicaes-avslutningskonsert-kan-horas-pa-yle-arenan-fram-till-den-7-1-2026\/#article\",\"isPartOf\":{\"@id\":\"https:\/\/luxmusicae.com\/sv\/lux-musicaes-avslutningskonsert-kan-horas-pa-yle-arenan-fram-till-den-7-1-2026\/\"},\"author\":{\"name\":\"Lux Musicae Admin\",\"@id\":\"https:\/\/luxmusicae.com\/#\/schema\/person\/2e306180164e8f0b68e36dd620c3a988\"},\"headline\":\"Lux Musicaes avslutningskonsert kan h\u00f6ras p\u00e5 Yle Arenan fram till den 7.1.2026\",\"datePublished\":\"2025-12-08T22:02:59+00:00\",\"dateModified\":\"2025-12-08T22:03:00+00:00\",\"mainEntityOfPage\":{\"@id\":\"https:\/\/luxmusicae.com\/sv\/lux-musicaes-avslutningskonsert-kan-horas-pa-yle-arenan-fram-till-den-7-1-2026\/\"},\"wordCount\":20,\"publisher\":{\"@id\":\"https:\/\/luxmusicae.com\/#organization\"},\"image\":{\"@id\":\"https:\/\/luxmusicae.com\/sv\/lux-musicaes-avslutningskonsert-kan-horas-pa-yle-arenan-fram-till-den-7-1-2026\/#primaryimage\"},\"thumbnailUrl\":\"https:\/\/i0.wp.com\/luxmusicae.com\/wp-content\/uploads\/2025\/12\/LuxMusicae2025_YLE_Areena_1080px.jpg?fit=1080%2C1080&ssl=1\",\"articleSection\":[\"Aktuellt\"],\"inLanguage\":\"sv-SE\"},{\"@type\":\"WebPage\",\"@id\":\"https:\/\/luxmusicae.com\/sv\/lux-musicaes-avslutningskonsert-kan-horas-pa-yle-arenan-fram-till-den-7-1-2026\/\",\"url\":\"https:\/\/luxmusicae.com\/sv\/lux-musicaes-avslutningskonsert-kan-horas-pa-yle-arenan-fram-till-den-7-1-2026\/\",\"name\":\"Lux Musicae 13.-15.11.2026 - Lux Musicaes avslutningskonsert kan h\u00f6ras p\u00e5 Yle Arenan fram till den 7.1.2026\",\"isPartOf\":{\"@id\":\"https:\/\/luxmusicae.com\/#website\"},\"primaryImageOfPage\":{\"@id\":\"https:\/\/luxmusicae.com\/sv\/lux-musicaes-avslutningskonsert-kan-horas-pa-yle-arenan-fram-till-den-7-1-2026\/#primaryimage\"},\"image\":{\"@id\":\"https:\/\/luxmusicae.com\/sv\/lux-musicaes-avslutningskonsert-kan-horas-pa-yle-arenan-fram-till-den-7-1-2026\/#primaryimage\"},\"thumbnailUrl\":\"https:\/\/i0.wp.com\/luxmusicae.com\/wp-content\/uploads\/2025\/12\/LuxMusicae2025_YLE_Areena_1080px.jpg?fit=1080%2C1080&ssl=1\",\"datePublished\":\"2025-12-08T22:02:59+00:00\",\"dateModified\":\"2025-12-08T22:03:00+00:00\",\"breadcrumb\":{\"@id\":\"https:\/\/luxmusicae.com\/sv\/lux-musicaes-avslutningskonsert-kan-horas-pa-yle-arenan-fram-till-den-7-1-2026\/#breadcrumb\"},\"inLanguage\":\"sv-SE\",\"potentialAction\":[{\"@type\":\"ReadAction\",\"target\":[\"https:\/\/luxmusicae.com\/sv\/lux-musicaes-avslutningskonsert-kan-horas-pa-yle-arenan-fram-till-den-7-1-2026\/\"]}]},{\"@type\":\"ImageObject\",\"inLanguage\":\"sv-SE\",\"@id\":\"https:\/\/luxmusicae.com\/sv\/lux-musicaes-avslutningskonsert-kan-horas-pa-yle-arenan-fram-till-den-7-1-2026\/#primaryimage\",\"url\":\"https:\/\/i0.wp.com\/luxmusicae.com\/wp-content\/uploads\/2025\/12\/LuxMusicae2025_YLE_Areena_1080px.jpg?fit=1080%2C1080&ssl=1\",\"contentUrl\":\"https:\/\/i0.wp.com\/luxmusicae.com\/wp-content\/uploads\/2025\/12\/LuxMusicae2025_YLE_Areena_1080px.jpg?fit=1080%2C1080&ssl=1\",\"width\":1080,\"height\":1080},{\"@type\":\"BreadcrumbList\",\"@id\":\"https:\/\/luxmusicae.com\/sv\/lux-musicaes-avslutningskonsert-kan-horas-pa-yle-arenan-fram-till-den-7-1-2026\/#breadcrumb\",\"itemListElement\":[{\"@type\":\"ListItem\",\"position\":1,\"name\":\"Etusivu\",\"item\":\"https:\/\/luxmusicae.com\/\"},{\"@type\":\"ListItem\",\"position\":2,\"name\":\"Lux Musicaes avslutningskonsert kan h\u00f6ras p\u00e5 Yle Arenan fram till den 7.1.2026\"}]},{\"@type\":\"WebSite\",\"@id\":\"https:\/\/luxmusicae.com\/#website\",\"url\":\"https:\/\/luxmusicae.com\/\",\"name\":\"Lux Musicae 13.-15.11.2026\",\"description\":\"Musiikkifestivaali Siuntiossa joka vuoden marraskuussa! - Musikfestival i Sjunde\u00e5. Varje \u00e5r i November! - Music Festival of Siuntio. Every year in november!\",\"publisher\":{\"@id\":\"https:\/\/luxmusicae.com\/#organization\"},\"potentialAction\":[{\"@type\":\"SearchAction\",\"target\":{\"@type\":\"EntryPoint\",\"urlTemplate\":\"https:\/\/luxmusicae.com\/?s={search_term_string}\"},\"query-input\":{\"@type\":\"PropertyValueSpecification\",\"valueRequired\":true,\"valueName\":\"search_term_string\"}}],\"inLanguage\":\"sv-SE\"},{\"@type\":\"Organization\",\"@id\":\"https:\/\/luxmusicae.com\/#organization\",\"name\":\"Lux Musicae 13.-15.11.2026\",\"url\":\"https:\/\/luxmusicae.com\/\",\"logo\":{\"@type\":\"ImageObject\",\"inLanguage\":\"sv-SE\",\"@id\":\"https:\/\/luxmusicae.com\/#\/schema\/logo\/image\/\",\"url\":\"https:\/\/i0.wp.com\/luxmusicae.com\/wp-content\/uploads\/2024\/07\/cropped-LuxMusicae2024_www_LOGO.png?fit=100%2C100&ssl=1\",\"contentUrl\":\"https:\/\/i0.wp.com\/luxmusicae.com\/wp-content\/uploads\/2024\/07\/cropped-LuxMusicae2024_www_LOGO.png?fit=100%2C100&ssl=1\",\"width\":100,\"height\":100,\"caption\":\"Lux Musicae 13.-15.11.2026\"},\"image\":{\"@id\":\"https:\/\/luxmusicae.com\/#\/schema\/logo\/image\/\"}},{\"@type\":\"Person\",\"@id\":\"https:\/\/luxmusicae.com\/#\/schema\/person\/2e306180164e8f0b68e36dd620c3a988\",\"name\":\"Lux Musicae Admin\",\"image\":{\"@type\":\"ImageObject\",\"inLanguage\":\"sv-SE\",\"@id\":\"https:\/\/luxmusicae.com\/#\/schema\/person\/image\/\",\"url\":\"https:\/\/secure.gravatar.com\/avatar\/3a5f60d46d75af6d850221b7c3e0a78d9d8a94505f4275939d6817aee1e9b87b?s=96&d=blank&r=g\",\"contentUrl\":\"https:\/\/secure.gravatar.com\/avatar\/3a5f60d46d75af6d850221b7c3e0a78d9d8a94505f4275939d6817aee1e9b87b?s=96&d=blank&r=g\",\"caption\":\"Lux Musicae Admin\"},\"url\":\"https:\/\/luxmusicae.com\/sv\/author\/admin\/\"}]}<\/script>\n<!-- \/ Yoast SEO plugin. -->","yoast_head_json":{"title":"Lux Musicae 13.-15.11.2026 - Lux Musicaes avslutningskonsert kan h\u00f6ras p\u00e5 Yle Arenan fram till den 7.1.2026","robots":{"index":"index","follow":"follow","max-snippet":"max-snippet:-1","max-image-preview":"max-image-preview:large","max-video-preview":"max-video-preview:-1"},"canonical":"https:\/\/luxmusicae.com\/sv\/lux-musicaes-avslutningskonsert-kan-horas-pa-yle-arenan-fram-till-den-7-1-2026\/","og_locale":"sv_SE","og_type":"article","og_title":"Lux Musicae 13.-15.11.2026 - Lux Musicaes avslutningskonsert kan h\u00f6ras p\u00e5 Yle Arenan fram till den 7.1.2026","og_description":"Lyssna p\u00e5 Arenan: https:\/\/areena.yle.fi\/1-76373396","og_url":"https:\/\/luxmusicae.com\/sv\/lux-musicaes-avslutningskonsert-kan-horas-pa-yle-arenan-fram-till-den-7-1-2026\/","og_site_name":"Lux Musicae 13.-15.11.2026","article_published_time":"2025-12-08T22:02:59+00:00","article_modified_time":"2025-12-08T22:03:00+00:00","og_image":[{"width":1080,"height":1080,"url":"http:\/\/luxmusicae.com\/wp-content\/uploads\/2025\/12\/LuxMusicae2025_YLE_Areena_1080px.jpg","type":"image\/jpeg"}],"author":"Lux Musicae Admin","twitter_card":"summary_large_image","twitter_misc":{"Skriven av":"Lux Musicae Admin"},"schema":{"@context":"https:\/\/schema.org","@graph":[{"@type":"Article","@id":"https:\/\/luxmusicae.com\/sv\/lux-musicaes-avslutningskonsert-kan-horas-pa-yle-arenan-fram-till-den-7-1-2026\/#article","isPartOf":{"@id":"https:\/\/luxmusicae.com\/sv\/lux-musicaes-avslutningskonsert-kan-horas-pa-yle-arenan-fram-till-den-7-1-2026\/"},"author":{"name":"Lux Musicae Admin","@id":"https:\/\/luxmusicae.com\/#\/schema\/person\/2e306180164e8f0b68e36dd620c3a988"},"headline":"Lux Musicaes avslutningskonsert kan h\u00f6ras p\u00e5 Yle Arenan fram till den 7.1.2026","datePublished":"2025-12-08T22:02:59+00:00","dateModified":"2025-12-08T22:03:00+00:00","mainEntityOfPage":{"@id":"https:\/\/luxmusicae.com\/sv\/lux-musicaes-avslutningskonsert-kan-horas-pa-yle-arenan-fram-till-den-7-1-2026\/"},"wordCount":20,"publisher":{"@id":"https:\/\/luxmusicae.com\/#organization"},"image":{"@id":"https:\/\/luxmusicae.com\/sv\/lux-musicaes-avslutningskonsert-kan-horas-pa-yle-arenan-fram-till-den-7-1-2026\/#primaryimage"},"thumbnailUrl":"https:\/\/i0.wp.com\/luxmusicae.com\/wp-content\/uploads\/2025\/12\/LuxMusicae2025_YLE_Areena_1080px.jpg?fit=1080%2C1080&ssl=1","articleSection":["Aktuellt"],"inLanguage":"sv-SE"},{"@type":"WebPage","@id":"https:\/\/luxmusicae.com\/sv\/lux-musicaes-avslutningskonsert-kan-horas-pa-yle-arenan-fram-till-den-7-1-2026\/","url":"https:\/\/luxmusicae.com\/sv\/lux-musicaes-avslutningskonsert-kan-horas-pa-yle-arenan-fram-till-den-7-1-2026\/","name":"Lux Musicae 13.-15.11.2026 - Lux Musicaes avslutningskonsert kan h\u00f6ras p\u00e5 Yle Arenan fram till den 7.1.2026","isPartOf":{"@id":"https:\/\/luxmusicae.com\/#website"},"primaryImageOfPage":{"@id":"https:\/\/luxmusicae.com\/sv\/lux-musicaes-avslutningskonsert-kan-horas-pa-yle-arenan-fram-till-den-7-1-2026\/#primaryimage"},"image":{"@id":"https:\/\/luxmusicae.com\/sv\/lux-musicaes-avslutningskonsert-kan-horas-pa-yle-arenan-fram-till-den-7-1-2026\/#primaryimage"},"thumbnailUrl":"https:\/\/i0.wp.com\/luxmusicae.com\/wp-content\/uploads\/2025\/12\/LuxMusicae2025_YLE_Areena_1080px.jpg?fit=1080%2C1080&ssl=1","datePublished":"2025-12-08T22:02:59+00:00","dateModified":"2025-12-08T22:03:00+00:00","breadcrumb":{"@id":"https:\/\/luxmusicae.com\/sv\/lux-musicaes-avslutningskonsert-kan-horas-pa-yle-arenan-fram-till-den-7-1-2026\/#breadcrumb"},"inLanguage":"sv-SE","potentialAction":[{"@type":"ReadAction","target":["https:\/\/luxmusicae.com\/sv\/lux-musicaes-avslutningskonsert-kan-horas-pa-yle-arenan-fram-till-den-7-1-2026\/"]}]},{"@type":"ImageObject","inLanguage":"sv-SE","@id":"https:\/\/luxmusicae.com\/sv\/lux-musicaes-avslutningskonsert-kan-horas-pa-yle-arenan-fram-till-den-7-1-2026\/#primaryimage","url":"https:\/\/i0.wp.com\/luxmusicae.com\/wp-content\/uploads\/2025\/12\/LuxMusicae2025_YLE_Areena_1080px.jpg?fit=1080%2C1080&ssl=1","contentUrl":"https:\/\/i0.wp.com\/luxmusicae.com\/wp-content\/uploads\/2025\/12\/LuxMusicae2025_YLE_Areena_1080px.jpg?fit=1080%2C1080&ssl=1","width":1080,"height":1080},{"@type":"BreadcrumbList","@id":"https:\/\/luxmusicae.com\/sv\/lux-musicaes-avslutningskonsert-kan-horas-pa-yle-arenan-fram-till-den-7-1-2026\/#breadcrumb","itemListElement":[{"@type":"ListItem","position":1,"name":"Etusivu","item":"https:\/\/luxmusicae.com\/"},{"@type":"ListItem","position":2,"name":"Lux Musicaes avslutningskonsert kan h\u00f6ras p\u00e5 Yle Arenan fram till den 7.1.2026"}]},{"@type":"WebSite","@id":"https:\/\/luxmusicae.com\/#website","url":"https:\/\/luxmusicae.com\/","name":"Lux Musicae 13.-15.11.2026","description":"Musiikkifestivaali Siuntiossa joka vuoden marraskuussa! - Musikfestival i Sjunde\u00e5. Varje \u00e5r i November! - Music Festival of Siuntio. Every year in november!","publisher":{"@id":"https:\/\/luxmusicae.com\/#organization"},"potentialAction":[{"@type":"SearchAction","target":{"@type":"EntryPoint","urlTemplate":"https:\/\/luxmusicae.com\/?s={search_term_string}"},"query-input":{"@type":"PropertyValueSpecification","valueRequired":true,"valueName":"search_term_string"}}],"inLanguage":"sv-SE"},{"@type":"Organization","@id":"https:\/\/luxmusicae.com\/#organization","name":"Lux Musicae 13.-15.11.2026","url":"https:\/\/luxmusicae.com\/","logo":{"@type":"ImageObject","inLanguage":"sv-SE","@id":"https:\/\/luxmusicae.com\/#\/schema\/logo\/image\/","url":"https:\/\/i0.wp.com\/luxmusicae.com\/wp-content\/uploads\/2024\/07\/cropped-LuxMusicae2024_www_LOGO.png?fit=100%2C100&ssl=1","contentUrl":"https:\/\/i0.wp.com\/luxmusicae.com\/wp-content\/uploads\/2024\/07\/cropped-LuxMusicae2024_www_LOGO.png?fit=100%2C100&ssl=1","width":100,"height":100,"caption":"Lux Musicae 13.-15.11.2026"},"image":{"@id":"https:\/\/luxmusicae.com\/#\/schema\/logo\/image\/"}},{"@type":"Person","@id":"https:\/\/luxmusicae.com\/#\/schema\/person\/2e306180164e8f0b68e36dd620c3a988","name":"Lux Musicae Admin","image":{"@type":"ImageObject","inLanguage":"sv-SE","@id":"https:\/\/luxmusicae.com\/#\/schema\/person\/image\/","url":"https:\/\/secure.gravatar.com\/avatar\/3a5f60d46d75af6d850221b7c3e0a78d9d8a94505f4275939d6817aee1e9b87b?s=96&d=blank&r=g","contentUrl":"https:\/\/secure.gravatar.com\/avatar\/3a5f60d46d75af6d850221b7c3e0a78d9d8a94505f4275939d6817aee1e9b87b?s=96&d=blank&r=g","caption":"Lux Musicae Admin"},"url":"https:\/\/luxmusicae.com\/sv\/author\/admin\/"}]}},"jetpack_featured_media_url":"https:\/\/i0.wp.com\/luxmusicae.com\/wp-content\/uploads\/2025\/12\/LuxMusicae2025_YLE_Areena_1080px.jpg?fit=1080%2C1080&ssl=1","uagb_featured_image_src":{"full":["https:\/\/i0.wp.com\/luxmusicae.com\/wp-content\/uploads\/2025\/12\/LuxMusicae2025_YLE_Areena_1080px.jpg?fit=1080%2C1080&ssl=1",1080,1080,false],"thumbnail":["https:\/\/i0.wp.com\/luxmusicae.com\/wp-content\/uploads\/2025\/12\/LuxMusicae2025_YLE_Areena_1080px.jpg?resize=150%2C150&ssl=1",150,150,true],"medium":["https:\/\/i0.wp.com\/luxmusicae.com\/wp-content\/uploads\/2025\/12\/LuxMusicae2025_YLE_Areena_1080px.jpg?fit=300%2C300&ssl=1",300,300,true],"medium_large":["https:\/\/i0.wp.com\/luxmusicae.com\/wp-content\/uploads\/2025\/12\/LuxMusicae2025_YLE_Areena_1080px.jpg?fit=768%2C768&ssl=1",768,768,true],"large":["https:\/\/i0.wp.com\/luxmusicae.com\/wp-content\/uploads\/2025\/12\/LuxMusicae2025_YLE_Areena_1080px.jpg?fit=1024%2C1024&ssl=1",1024,1024,true],"1536x1536":["https:\/\/i0.wp.com\/luxmusicae.com\/wp-content\/uploads\/2025\/12\/LuxMusicae2025_YLE_Areena_1080px.jpg?fit=1080%2C1080&ssl=1",1080,1080,true],"2048x2048":["https:\/\/i0.wp.com\/luxmusicae.com\/wp-content\/uploads\/2025\/12\/LuxMusicae2025_YLE_Areena_1080px.jpg?fit=1080%2C1080&ssl=1",1080,1080,true],"ect-jetpack-portfolio-featured":["https:\/\/i0.wp.com\/luxmusicae.com\/wp-content\/uploads\/2025\/12\/LuxMusicae2025_YLE_Areena_1080px.jpg?resize=640%2C640&ssl=1",640,640,true],"ect-featured-content":["https:\/\/i0.wp.com\/luxmusicae.com\/wp-content\/uploads\/2025\/12\/LuxMusicae2025_YLE_Areena_1080px.jpg?resize=640%2C640&ssl=1",640,640,true],"jetpack-portfolio-admin-thumb":["https:\/\/i0.wp.com\/luxmusicae.com\/wp-content\/uploads\/2025\/12\/LuxMusicae2025_YLE_Areena_1080px.jpg?resize=50%2C50&ssl=1",50,50,true],"featured-content-admin-thumb":["https:\/\/i0.wp.com\/luxmusicae.com\/wp-content\/uploads\/2025\/12\/LuxMusicae2025_YLE_Areena_1080px.jpg?resize=50%2C50&ssl=1",50,50,true]},"uagb_author_info":{"display_name":"Lux Musicae Admin","author_link":"https:\/\/luxmusicae.com\/sv\/author\/admin\/"},"uagb_comment_info":0,"uagb_excerpt":"Lyssna p\u00e5 Arenan: https:\/\/areena.yle.fi\/1-76373396","jetpack_shortlink":"https:\/\/wp.me\/p968cz-1Du","jetpack_sharing_enabled":true,"_links":{"self":[{"href":"https:\/\/luxmusicae.com\/sv\/wp-json\/wp\/v2\/posts\/6292","targetHints":{"allow":["GET"]}}],"collection":[{"href":"https:\/\/luxmusicae.com\/sv\/wp-json\/wp\/v2\/posts"}],"about":[{"href":"https:\/\/luxmusicae.com\/sv\/wp-json\/wp\/v2\/types\/post"}],"author":[{"embeddable":true,"href":"https:\/\/luxmusicae.com\/sv\/wp-json\/wp\/v2\/users\/1"}],"replies":[{"embeddable":true,"href":"https:\/\/luxmusicae.com\/sv\/wp-json\/wp\/v2\/comments?post=6292"}],"version-history":[{"count":1,"href":"https:\/\/luxmusicae.com\/sv\/wp-json\/wp\/v2\/posts\/6292\/revisions"}],"predecessor-version":[{"id":6293,"href":"https:\/\/luxmusicae.com\/sv\/wp-json\/wp\/v2\/posts\/6292\/revisions\/6293"}],"wp:featuredmedia":[{"embeddable":true,"href":"https:\/\/luxmusicae.com\/sv\/wp-json\/wp\/v2\/media\/6290"}],"wp:attachment":[{"href":"https:\/\/luxmusicae.com\/sv\/wp-json\/wp\/v2\/media?parent=6292"}],"wp:term":[{"taxonomy":"category","embeddable":true,"href":"https:\/\/luxmusicae.com\/sv\/wp-json\/wp\/v2\/categories?post=6292"},{"taxonomy":"post_tag","embeddable":true,"href":"https:\/\/luxmusicae.com\/sv\/wp-json\/wp\/v2\/tags?post=6292"}],"curies":[{"name":"wp","href":"https:\/\/api.w.org\/{rel}","templated":true}]}}