{"id":6280,"date":"2025-10-22T20:54:55","date_gmt":"2025-10-22T17:54:55","guid":{"rendered":"https:\/\/luxmusicae.com\/pickalan-golffin-klasstetin-konsertti-lahestyy\/"},"modified":"2025-10-22T20:56:18","modified_gmt":"2025-10-22T17:56:18","slug":"pickalan-golffin-klasstetin-konsertti-lahestyy","status":"publish","type":"post","link":"https:\/\/luxmusicae.com\/sv\/pickalan-golffin-klasstetin-konsertti-lahestyy\/","title":{"rendered":"Pickala Golfs Klasstet-konsert n\u00e4rmar sig!"},"content":{"rendered":"\n<p>Om du redan har k\u00f6pt biljett till konserten men \u00e4nnu inte bokat bord i restaurangen, g\u00f6r det s\u00e5 snart som m\u00f6jligt f\u00f6r att kunna njuta av kv\u00e4llen p\u00e5 b\u00e4sta m\u00f6jliga s\u00e4tt.<\/p>\n\n\n\n<p>Boka bord enkelt:<br>\ud83d\udcde 050 443 1813<br>\ud83d\udcbb <a href=\"https:\/\/pickalagolf.fi\/palvelut\/ravintola\">pickalagolf.fi\/palvelut\/ravintola<\/a><\/p>\n\n\n\n<p><\/p>\n","protected":false},"excerpt":{"rendered":"<p>Om du redan har k\u00f6pt biljett till konserten men \u00e4nnu inte bokat bord i restaurangen, g\u00f6r det s\u00e5 snart som m\u00f6jligt f\u00f6r att kunna njuta av kv\u00e4llen p\u00e5 b\u00e4sta m\u00f6jliga s\u00e4tt. Boka bord enkelt:\ud83d\udcde 050 443 1813\ud83d\udcbb pickalagolf.fi\/palvelut\/ravintola<\/p>\n","protected":false},"author":1,"featured_media":0,"comment_status":"closed","ping_status":"open","sticky":false,"template":"","format":"standard","meta":{"_uag_custom_page_level_css":"","jetpack_post_was_ever_published":false,"_jetpack_newsletter_access":"","_jetpack_dont_email_post_to_subs":false,"_jetpack_newsletter_tier_id":0,"_jetpack_memberships_contains_paywalled_content":false,"_jetpack_memberships_contains_paid_content":false,"footnotes":""},"categories":[62],"tags":[],"class_list":["post-6280","post","type-post","status-publish","format-standard","hentry","category-aktuellt"],"yoast_head":"<!-- This site is optimized with the Yoast SEO plugin v26.8 - https:\/\/yoast.com\/product\/yoast-seo-wordpress\/ -->\n<title>Lux Musicae 13.-15.11.2026 - Pickala Golfs Klasstet-konsert n\u00e4rmar sig!<\/title>\n<meta name=\"robots\" content=\"index, follow, max-snippet:-1, max-image-preview:large, max-video-preview:-1\" \/>\n<link rel=\"canonical\" href=\"https:\/\/luxmusicae.com\/sv\/pickalan-golffin-klasstetin-konsertti-lahestyy\/\" \/>\n<meta property=\"og:locale\" content=\"sv_SE\" \/>\n<meta property=\"og:type\" content=\"article\" \/>\n<meta property=\"og:title\" content=\"Lux Musicae 13.-15.11.2026 - Pickala Golfs Klasstet-konsert n\u00e4rmar sig!\" \/>\n<meta property=\"og:description\" content=\"Om du redan har k\u00f6pt biljett till konserten men \u00e4nnu inte bokat bord i restaurangen, g\u00f6r det s\u00e5 snart som m\u00f6jligt f\u00f6r att kunna njuta av kv\u00e4llen p\u00e5 b\u00e4sta m\u00f6jliga s\u00e4tt. Boka bord enkelt:\ud83d\udcde 050 443 1813\ud83d\udcbb pickalagolf.fi\/palvelut\/ravintola\" \/>\n<meta property=\"og:url\" content=\"https:\/\/luxmusicae.com\/sv\/pickalan-golffin-klasstetin-konsertti-lahestyy\/\" \/>\n<meta property=\"og:site_name\" content=\"Lux Musicae 13.-15.11.2026\" \/>\n<meta property=\"article:published_time\" content=\"2025-10-22T17:54:55+00:00\" \/>\n<meta property=\"article:modified_time\" content=\"2025-10-22T17:56:18+00:00\" \/>\n<meta property=\"og:image\" content=\"https:\/\/i0.wp.com\/luxmusicae.com\/wp-content\/uploads\/2025\/07\/LuxMusicae2025_www_HEADER_KORJ.png?fit=2400%2C1600&ssl=1\" \/>\n\t<meta property=\"og:image:width\" content=\"2400\" \/>\n\t<meta property=\"og:image:height\" content=\"1600\" \/>\n\t<meta property=\"og:image:type\" content=\"image\/png\" \/>\n<meta name=\"author\" content=\"Lux Musicae Admin\" \/>\n<meta name=\"twitter:card\" content=\"summary_large_image\" \/>\n<meta name=\"twitter:label1\" content=\"Skriven av\" \/>\n\t<meta name=\"twitter:data1\" content=\"Lux Musicae Admin\" \/>\n<script type=\"application\/ld+json\" class=\"yoast-schema-graph\">{\"@context\":\"https:\/\/schema.org\",\"@graph\":[{\"@type\":\"Article\",\"@id\":\"https:\/\/luxmusicae.com\/sv\/pickalan-golffin-klasstetin-konsertti-lahestyy\/#article\",\"isPartOf\":{\"@id\":\"https:\/\/luxmusicae.com\/sv\/pickalan-golffin-klasstetin-konsertti-lahestyy\/\"},\"author\":{\"name\":\"Lux Musicae Admin\",\"@id\":\"https:\/\/luxmusicae.com\/#\/schema\/person\/2e306180164e8f0b68e36dd620c3a988\"},\"headline\":\"Pickala Golfs Klasstet-konsert n\u00e4rmar sig!\",\"datePublished\":\"2025-10-22T17:54:55+00:00\",\"dateModified\":\"2025-10-22T17:56:18+00:00\",\"mainEntityOfPage\":{\"@id\":\"https:\/\/luxmusicae.com\/sv\/pickalan-golffin-klasstetin-konsertti-lahestyy\/\"},\"wordCount\":52,\"publisher\":{\"@id\":\"https:\/\/luxmusicae.com\/#organization\"},\"articleSection\":[\"Aktuellt\"],\"inLanguage\":\"sv-SE\"},{\"@type\":\"WebPage\",\"@id\":\"https:\/\/luxmusicae.com\/sv\/pickalan-golffin-klasstetin-konsertti-lahestyy\/\",\"url\":\"https:\/\/luxmusicae.com\/sv\/pickalan-golffin-klasstetin-konsertti-lahestyy\/\",\"name\":\"Lux Musicae 13.-15.11.2026 - Pickala Golfs Klasstet-konsert n\u00e4rmar sig!\",\"isPartOf\":{\"@id\":\"https:\/\/luxmusicae.com\/#website\"},\"datePublished\":\"2025-10-22T17:54:55+00:00\",\"dateModified\":\"2025-10-22T17:56:18+00:00\",\"breadcrumb\":{\"@id\":\"https:\/\/luxmusicae.com\/sv\/pickalan-golffin-klasstetin-konsertti-lahestyy\/#breadcrumb\"},\"inLanguage\":\"sv-SE\",\"potentialAction\":[{\"@type\":\"ReadAction\",\"target\":[\"https:\/\/luxmusicae.com\/sv\/pickalan-golffin-klasstetin-konsertti-lahestyy\/\"]}]},{\"@type\":\"BreadcrumbList\",\"@id\":\"https:\/\/luxmusicae.com\/sv\/pickalan-golffin-klasstetin-konsertti-lahestyy\/#breadcrumb\",\"itemListElement\":[{\"@type\":\"ListItem\",\"position\":1,\"name\":\"Etusivu\",\"item\":\"https:\/\/luxmusicae.com\/\"},{\"@type\":\"ListItem\",\"position\":2,\"name\":\"Pickala Golfs Klasstet-konsert n\u00e4rmar sig!\"}]},{\"@type\":\"WebSite\",\"@id\":\"https:\/\/luxmusicae.com\/#website\",\"url\":\"https:\/\/luxmusicae.com\/\",\"name\":\"Lux Musicae 13.-15.11.2026\",\"description\":\"Musiikkifestivaali Siuntiossa joka vuoden marraskuussa! - Musikfestival i Sjunde\u00e5. Varje \u00e5r i November! - Music Festival of Siuntio. Every year in november!\",\"publisher\":{\"@id\":\"https:\/\/luxmusicae.com\/#organization\"},\"potentialAction\":[{\"@type\":\"SearchAction\",\"target\":{\"@type\":\"EntryPoint\",\"urlTemplate\":\"https:\/\/luxmusicae.com\/?s={search_term_string}\"},\"query-input\":{\"@type\":\"PropertyValueSpecification\",\"valueRequired\":true,\"valueName\":\"search_term_string\"}}],\"inLanguage\":\"sv-SE\"},{\"@type\":\"Organization\",\"@id\":\"https:\/\/luxmusicae.com\/#organization\",\"name\":\"Lux Musicae 13.-15.11.2026\",\"url\":\"https:\/\/luxmusicae.com\/\",\"logo\":{\"@type\":\"ImageObject\",\"inLanguage\":\"sv-SE\",\"@id\":\"https:\/\/luxmusicae.com\/#\/schema\/logo\/image\/\",\"url\":\"https:\/\/i0.wp.com\/luxmusicae.com\/wp-content\/uploads\/2024\/07\/cropped-LuxMusicae2024_www_LOGO.png?fit=100%2C100&ssl=1\",\"contentUrl\":\"https:\/\/i0.wp.com\/luxmusicae.com\/wp-content\/uploads\/2024\/07\/cropped-LuxMusicae2024_www_LOGO.png?fit=100%2C100&ssl=1\",\"width\":100,\"height\":100,\"caption\":\"Lux Musicae 13.-15.11.2026\"},\"image\":{\"@id\":\"https:\/\/luxmusicae.com\/#\/schema\/logo\/image\/\"}},{\"@type\":\"Person\",\"@id\":\"https:\/\/luxmusicae.com\/#\/schema\/person\/2e306180164e8f0b68e36dd620c3a988\",\"name\":\"Lux Musicae Admin\",\"image\":{\"@type\":\"ImageObject\",\"inLanguage\":\"sv-SE\",\"@id\":\"https:\/\/luxmusicae.com\/#\/schema\/person\/image\/\",\"url\":\"https:\/\/secure.gravatar.com\/avatar\/3a5f60d46d75af6d850221b7c3e0a78d9d8a94505f4275939d6817aee1e9b87b?s=96&d=blank&r=g\",\"contentUrl\":\"https:\/\/secure.gravatar.com\/avatar\/3a5f60d46d75af6d850221b7c3e0a78d9d8a94505f4275939d6817aee1e9b87b?s=96&d=blank&r=g\",\"caption\":\"Lux Musicae Admin\"},\"url\":\"https:\/\/luxmusicae.com\/sv\/author\/admin\/\"}]}<\/script>\n<!-- \/ Yoast SEO plugin. -->","yoast_head_json":{"title":"Lux Musicae 13.-15.11.2026 - Pickala Golfs Klasstet-konsert n\u00e4rmar sig!","robots":{"index":"index","follow":"follow","max-snippet":"max-snippet:-1","max-image-preview":"max-image-preview:large","max-video-preview":"max-video-preview:-1"},"canonical":"https:\/\/luxmusicae.com\/sv\/pickalan-golffin-klasstetin-konsertti-lahestyy\/","og_locale":"sv_SE","og_type":"article","og_title":"Lux Musicae 13.-15.11.2026 - Pickala Golfs Klasstet-konsert n\u00e4rmar sig!","og_description":"Om du redan har k\u00f6pt biljett till konserten men \u00e4nnu inte bokat bord i restaurangen, g\u00f6r det s\u00e5 snart som m\u00f6jligt f\u00f6r att kunna njuta av kv\u00e4llen p\u00e5 b\u00e4sta m\u00f6jliga s\u00e4tt. Boka bord enkelt:\ud83d\udcde 050 443 1813\ud83d\udcbb pickalagolf.fi\/palvelut\/ravintola","og_url":"https:\/\/luxmusicae.com\/sv\/pickalan-golffin-klasstetin-konsertti-lahestyy\/","og_site_name":"Lux Musicae 13.-15.11.2026","article_published_time":"2025-10-22T17:54:55+00:00","article_modified_time":"2025-10-22T17:56:18+00:00","og_image":[{"width":2400,"height":1600,"url":"https:\/\/i0.wp.com\/luxmusicae.com\/wp-content\/uploads\/2025\/07\/LuxMusicae2025_www_HEADER_KORJ.png?fit=2400%2C1600&ssl=1","type":"image\/png"}],"author":"Lux Musicae Admin","twitter_card":"summary_large_image","twitter_misc":{"Skriven av":"Lux Musicae Admin"},"schema":{"@context":"https:\/\/schema.org","@graph":[{"@type":"Article","@id":"https:\/\/luxmusicae.com\/sv\/pickalan-golffin-klasstetin-konsertti-lahestyy\/#article","isPartOf":{"@id":"https:\/\/luxmusicae.com\/sv\/pickalan-golffin-klasstetin-konsertti-lahestyy\/"},"author":{"name":"Lux Musicae Admin","@id":"https:\/\/luxmusicae.com\/#\/schema\/person\/2e306180164e8f0b68e36dd620c3a988"},"headline":"Pickala Golfs Klasstet-konsert n\u00e4rmar sig!","datePublished":"2025-10-22T17:54:55+00:00","dateModified":"2025-10-22T17:56:18+00:00","mainEntityOfPage":{"@id":"https:\/\/luxmusicae.com\/sv\/pickalan-golffin-klasstetin-konsertti-lahestyy\/"},"wordCount":52,"publisher":{"@id":"https:\/\/luxmusicae.com\/#organization"},"articleSection":["Aktuellt"],"inLanguage":"sv-SE"},{"@type":"WebPage","@id":"https:\/\/luxmusicae.com\/sv\/pickalan-golffin-klasstetin-konsertti-lahestyy\/","url":"https:\/\/luxmusicae.com\/sv\/pickalan-golffin-klasstetin-konsertti-lahestyy\/","name":"Lux Musicae 13.-15.11.2026 - Pickala Golfs Klasstet-konsert n\u00e4rmar sig!","isPartOf":{"@id":"https:\/\/luxmusicae.com\/#website"},"datePublished":"2025-10-22T17:54:55+00:00","dateModified":"2025-10-22T17:56:18+00:00","breadcrumb":{"@id":"https:\/\/luxmusicae.com\/sv\/pickalan-golffin-klasstetin-konsertti-lahestyy\/#breadcrumb"},"inLanguage":"sv-SE","potentialAction":[{"@type":"ReadAction","target":["https:\/\/luxmusicae.com\/sv\/pickalan-golffin-klasstetin-konsertti-lahestyy\/"]}]},{"@type":"BreadcrumbList","@id":"https:\/\/luxmusicae.com\/sv\/pickalan-golffin-klasstetin-konsertti-lahestyy\/#breadcrumb","itemListElement":[{"@type":"ListItem","position":1,"name":"Etusivu","item":"https:\/\/luxmusicae.com\/"},{"@type":"ListItem","position":2,"name":"Pickala Golfs Klasstet-konsert n\u00e4rmar sig!"}]},{"@type":"WebSite","@id":"https:\/\/luxmusicae.com\/#website","url":"https:\/\/luxmusicae.com\/","name":"Lux Musicae 13.-15.11.2026","description":"Musiikkifestivaali Siuntiossa joka vuoden marraskuussa! - Musikfestival i Sjunde\u00e5. Varje \u00e5r i November! - Music Festival of Siuntio. Every year in november!","publisher":{"@id":"https:\/\/luxmusicae.com\/#organization"},"potentialAction":[{"@type":"SearchAction","target":{"@type":"EntryPoint","urlTemplate":"https:\/\/luxmusicae.com\/?s={search_term_string}"},"query-input":{"@type":"PropertyValueSpecification","valueRequired":true,"valueName":"search_term_string"}}],"inLanguage":"sv-SE"},{"@type":"Organization","@id":"https:\/\/luxmusicae.com\/#organization","name":"Lux Musicae 13.-15.11.2026","url":"https:\/\/luxmusicae.com\/","logo":{"@type":"ImageObject","inLanguage":"sv-SE","@id":"https:\/\/luxmusicae.com\/#\/schema\/logo\/image\/","url":"https:\/\/i0.wp.com\/luxmusicae.com\/wp-content\/uploads\/2024\/07\/cropped-LuxMusicae2024_www_LOGO.png?fit=100%2C100&ssl=1","contentUrl":"https:\/\/i0.wp.com\/luxmusicae.com\/wp-content\/uploads\/2024\/07\/cropped-LuxMusicae2024_www_LOGO.png?fit=100%2C100&ssl=1","width":100,"height":100,"caption":"Lux Musicae 13.-15.11.2026"},"image":{"@id":"https:\/\/luxmusicae.com\/#\/schema\/logo\/image\/"}},{"@type":"Person","@id":"https:\/\/luxmusicae.com\/#\/schema\/person\/2e306180164e8f0b68e36dd620c3a988","name":"Lux Musicae Admin","image":{"@type":"ImageObject","inLanguage":"sv-SE","@id":"https:\/\/luxmusicae.com\/#\/schema\/person\/image\/","url":"https:\/\/secure.gravatar.com\/avatar\/3a5f60d46d75af6d850221b7c3e0a78d9d8a94505f4275939d6817aee1e9b87b?s=96&d=blank&r=g","contentUrl":"https:\/\/secure.gravatar.com\/avatar\/3a5f60d46d75af6d850221b7c3e0a78d9d8a94505f4275939d6817aee1e9b87b?s=96&d=blank&r=g","caption":"Lux Musicae Admin"},"url":"https:\/\/luxmusicae.com\/sv\/author\/admin\/"}]}},"jetpack_featured_media_url":"","uagb_featured_image_src":{"full":false,"thumbnail":false,"medium":false,"medium_large":false,"large":false,"1536x1536":false,"2048x2048":false,"ect-jetpack-portfolio-featured":false,"ect-featured-content":false,"jetpack-portfolio-admin-thumb":false,"featured-content-admin-thumb":false},"uagb_author_info":{"display_name":"Lux Musicae Admin","author_link":"https:\/\/luxmusicae.com\/sv\/author\/admin\/"},"uagb_comment_info":0,"uagb_excerpt":"Om du redan har k\u00f6pt biljett till konserten men \u00e4nnu inte bokat bord i restaurangen, g\u00f6r det s\u00e5 snart som m\u00f6jligt f\u00f6r att kunna njuta av kv\u00e4llen p\u00e5 b\u00e4sta m\u00f6jliga s\u00e4tt. Boka bord enkelt:\ud83d\udcde 050 443 1813\ud83d\udcbb pickalagolf.fi\/palvelut\/ravintola","jetpack_shortlink":"https:\/\/wp.me\/p968cz-1Di","jetpack_sharing_enabled":true,"_links":{"self":[{"href":"https:\/\/luxmusicae.com\/sv\/wp-json\/wp\/v2\/posts\/6280","targetHints":{"allow":["GET"]}}],"collection":[{"href":"https:\/\/luxmusicae.com\/sv\/wp-json\/wp\/v2\/posts"}],"about":[{"href":"https:\/\/luxmusicae.com\/sv\/wp-json\/wp\/v2\/types\/post"}],"author":[{"embeddable":true,"href":"https:\/\/luxmusicae.com\/sv\/wp-json\/wp\/v2\/users\/1"}],"replies":[{"embeddable":true,"href":"https:\/\/luxmusicae.com\/sv\/wp-json\/wp\/v2\/comments?post=6280"}],"version-history":[{"count":1,"href":"https:\/\/luxmusicae.com\/sv\/wp-json\/wp\/v2\/posts\/6280\/revisions"}],"predecessor-version":[{"id":6281,"href":"https:\/\/luxmusicae.com\/sv\/wp-json\/wp\/v2\/posts\/6280\/revisions\/6281"}],"wp:attachment":[{"href":"https:\/\/luxmusicae.com\/sv\/wp-json\/wp\/v2\/media?parent=6280"}],"wp:term":[{"taxonomy":"category","embeddable":true,"href":"https:\/\/luxmusicae.com\/sv\/wp-json\/wp\/v2\/categories?post=6280"},{"taxonomy":"post_tag","embeddable":true,"href":"https:\/\/luxmusicae.com\/sv\/wp-json\/wp\/v2\/tags?post=6280"}],"curies":[{"name":"wp","href":"https:\/\/api.w.org\/{rel}","templated":true}]}}