{"id":5744,"date":"2024-11-15T13:33:50","date_gmt":"2024-11-15T11:33:50","guid":{"rendered":"https:\/\/luxmusicae.com\/?p=5744"},"modified":"2024-11-15T13:37:54","modified_gmt":"2024-11-15T11:37:54","slug":"5744","status":"publish","type":"post","link":"https:\/\/luxmusicae.com\/sv\/5744\/","title":{"rendered":"Artturi Aalto spelar i st\u00e4llet f\u00f6r Andreas Brantelid"},"content":{"rendered":"\n<p>Andreas Brantelid var tvungen att ov\u00e4ntat st\u00e4lla in sin medverkan i Lux Musicae. Han ers\u00e4tts av Artturi Aalto, som redan f\u00f6rra \u00e5ret vann sjunde\u00e5bornas hj\u00e4rtan.<\/p>\n\n\n\n<p>Artturi Aalto b\u00f6rjade sina cellostudier 2006 vid Esbo musikinstitut och sedan 2013  han studerade vid Sibelius-Akademins ungdomsavdelning som elev till Timo Hanhinen. \u00c5r 2018 inledde han sina studier hos professor Marko Yl\u00f6nen. Under sina sista \u00e5r vid Sibelius-Akademin undervisades han av Ola Karlsson och Andreas Brantelid. Artturi studerar f\u00f6r n\u00e4rvarande vid Norges Musikh\u00f6gskola under ledning av Torleif Thedeen.<\/p>\n\n\n\n<p>Artturi \u00e4r en av de konstn\u00e4rliga ledarna f\u00f6r Radalla Festival. \u00c5r 2022 vann han 2:a pris i \u00c5bo cello t\u00e4vlingen.<\/p>\n","protected":false},"excerpt":{"rendered":"<p>Andreas Brantelid var tvungen att ov\u00e4ntat st\u00e4lla in sin medverkan i Lux Musicae. Han ers\u00e4tts av Artturi Aalto, som redan f\u00f6rra \u00e5ret vann sjunde\u00e5bornas hj\u00e4rtan. Artturi Aalto b\u00f6rjade sina cellostudier 2006 vid Esbo musikinstitut och sedan 2013 han studerade vid Sibelius-Akademins ungdomsavdelning som elev till Timo Hanhinen. \u00c5r 2018 inledde han sina studier hos professor [&hellip;]<\/p>\n","protected":false},"author":5,"featured_media":0,"comment_status":"closed","ping_status":"open","sticky":false,"template":"","format":"standard","meta":{"_uag_custom_page_level_css":"","jetpack_post_was_ever_published":false,"_jetpack_newsletter_access":"","_jetpack_dont_email_post_to_subs":false,"_jetpack_newsletter_tier_id":0,"_jetpack_memberships_contains_paywalled_content":false,"_jetpack_memberships_contains_paid_content":false,"footnotes":""},"categories":[26],"tags":[],"class_list":["post-5744","post","type-post","status-publish","format-standard","hentry","category-uutiset-nyheter-news-sv"],"yoast_head":"<!-- This site is optimized with the Yoast SEO plugin v26.8 - https:\/\/yoast.com\/product\/yoast-seo-wordpress\/ -->\n<title>Lux Musicae 13.-15.11.2026 - Artturi Aalto spelar i st\u00e4llet f\u00f6r Andreas Brantelid<\/title>\n<meta name=\"robots\" content=\"index, follow, max-snippet:-1, max-image-preview:large, max-video-preview:-1\" \/>\n<link rel=\"canonical\" href=\"https:\/\/luxmusicae.com\/sv\/5744\/\" \/>\n<meta property=\"og:locale\" content=\"sv_SE\" \/>\n<meta property=\"og:type\" content=\"article\" \/>\n<meta property=\"og:title\" content=\"Lux Musicae 13.-15.11.2026 - Artturi Aalto spelar i st\u00e4llet f\u00f6r Andreas Brantelid\" \/>\n<meta property=\"og:description\" content=\"Andreas Brantelid var tvungen att ov\u00e4ntat st\u00e4lla in sin medverkan i Lux Musicae. Han ers\u00e4tts av Artturi Aalto, som redan f\u00f6rra \u00e5ret vann sjunde\u00e5bornas hj\u00e4rtan. Artturi Aalto b\u00f6rjade sina cellostudier 2006 vid Esbo musikinstitut och sedan 2013 han studerade vid Sibelius-Akademins ungdomsavdelning som elev till Timo Hanhinen. \u00c5r 2018 inledde han sina studier hos professor [&hellip;]\" \/>\n<meta property=\"og:url\" content=\"https:\/\/luxmusicae.com\/sv\/5744\/\" \/>\n<meta property=\"og:site_name\" content=\"Lux Musicae 13.-15.11.2026\" \/>\n<meta property=\"article:published_time\" content=\"2024-11-15T11:33:50+00:00\" \/>\n<meta property=\"article:modified_time\" content=\"2024-11-15T11:37:54+00:00\" \/>\n<meta property=\"og:image\" content=\"https:\/\/i0.wp.com\/luxmusicae.com\/wp-content\/uploads\/2025\/07\/LuxMusicae2025_www_HEADER_KORJ.png?fit=2400%2C1600&ssl=1\" \/>\n\t<meta property=\"og:image:width\" content=\"2400\" \/>\n\t<meta property=\"og:image:height\" content=\"1600\" \/>\n\t<meta property=\"og:image:type\" content=\"image\/png\" \/>\n<meta name=\"author\" content=\"P\u00e4ivi Arjas\" \/>\n<meta name=\"twitter:card\" content=\"summary_large_image\" \/>\n<meta name=\"twitter:label1\" content=\"Skriven av\" \/>\n\t<meta name=\"twitter:data1\" content=\"P\u00e4ivi Arjas\" \/>\n\t<meta name=\"twitter:label2\" content=\"Ber\u00e4knad l\u00e4stid\" \/>\n\t<meta name=\"twitter:data2\" content=\"1 minut\" \/>\n<script type=\"application\/ld+json\" class=\"yoast-schema-graph\">{\"@context\":\"https:\/\/schema.org\",\"@graph\":[{\"@type\":\"Article\",\"@id\":\"https:\/\/luxmusicae.com\/sv\/5744\/#article\",\"isPartOf\":{\"@id\":\"https:\/\/luxmusicae.com\/sv\/5744\/\"},\"author\":{\"name\":\"P\u00e4ivi Arjas\",\"@id\":\"https:\/\/luxmusicae.com\/#\/schema\/person\/6abfdd64dea7738ad00f3dd82075d20c\"},\"headline\":\"Artturi Aalto spelar i st\u00e4llet f\u00f6r Andreas Brantelid\",\"datePublished\":\"2024-11-15T11:33:50+00:00\",\"dateModified\":\"2024-11-15T11:37:54+00:00\",\"mainEntityOfPage\":{\"@id\":\"https:\/\/luxmusicae.com\/sv\/5744\/\"},\"wordCount\":123,\"publisher\":{\"@id\":\"https:\/\/luxmusicae.com\/#organization\"},\"articleSection\":[\"Uutiset-Nyheter-News\"],\"inLanguage\":\"sv-SE\"},{\"@type\":\"WebPage\",\"@id\":\"https:\/\/luxmusicae.com\/sv\/5744\/\",\"url\":\"https:\/\/luxmusicae.com\/sv\/5744\/\",\"name\":\"Lux Musicae 13.-15.11.2026 - Artturi Aalto spelar i st\u00e4llet f\u00f6r Andreas Brantelid\",\"isPartOf\":{\"@id\":\"https:\/\/luxmusicae.com\/#website\"},\"datePublished\":\"2024-11-15T11:33:50+00:00\",\"dateModified\":\"2024-11-15T11:37:54+00:00\",\"breadcrumb\":{\"@id\":\"https:\/\/luxmusicae.com\/sv\/5744\/#breadcrumb\"},\"inLanguage\":\"sv-SE\",\"potentialAction\":[{\"@type\":\"ReadAction\",\"target\":[\"https:\/\/luxmusicae.com\/sv\/5744\/\"]}]},{\"@type\":\"BreadcrumbList\",\"@id\":\"https:\/\/luxmusicae.com\/sv\/5744\/#breadcrumb\",\"itemListElement\":[{\"@type\":\"ListItem\",\"position\":1,\"name\":\"Etusivu\",\"item\":\"https:\/\/luxmusicae.com\/\"},{\"@type\":\"ListItem\",\"position\":2,\"name\":\"Artturi Aalto spelar i st\u00e4llet f\u00f6r Andreas Brantelid\"}]},{\"@type\":\"WebSite\",\"@id\":\"https:\/\/luxmusicae.com\/#website\",\"url\":\"https:\/\/luxmusicae.com\/\",\"name\":\"Lux Musicae 13.-15.11.2026\",\"description\":\"Musiikkifestivaali Siuntiossa joka vuoden marraskuussa! - Musikfestival i Sjunde\u00e5. Varje \u00e5r i November! - Music Festival of Siuntio. Every year in november!\",\"publisher\":{\"@id\":\"https:\/\/luxmusicae.com\/#organization\"},\"potentialAction\":[{\"@type\":\"SearchAction\",\"target\":{\"@type\":\"EntryPoint\",\"urlTemplate\":\"https:\/\/luxmusicae.com\/?s={search_term_string}\"},\"query-input\":{\"@type\":\"PropertyValueSpecification\",\"valueRequired\":true,\"valueName\":\"search_term_string\"}}],\"inLanguage\":\"sv-SE\"},{\"@type\":\"Organization\",\"@id\":\"https:\/\/luxmusicae.com\/#organization\",\"name\":\"Lux Musicae 13.-15.11.2026\",\"url\":\"https:\/\/luxmusicae.com\/\",\"logo\":{\"@type\":\"ImageObject\",\"inLanguage\":\"sv-SE\",\"@id\":\"https:\/\/luxmusicae.com\/#\/schema\/logo\/image\/\",\"url\":\"https:\/\/i0.wp.com\/luxmusicae.com\/wp-content\/uploads\/2024\/07\/cropped-LuxMusicae2024_www_LOGO.png?fit=100%2C100&ssl=1\",\"contentUrl\":\"https:\/\/i0.wp.com\/luxmusicae.com\/wp-content\/uploads\/2024\/07\/cropped-LuxMusicae2024_www_LOGO.png?fit=100%2C100&ssl=1\",\"width\":100,\"height\":100,\"caption\":\"Lux Musicae 13.-15.11.2026\"},\"image\":{\"@id\":\"https:\/\/luxmusicae.com\/#\/schema\/logo\/image\/\"}},{\"@type\":\"Person\",\"@id\":\"https:\/\/luxmusicae.com\/#\/schema\/person\/6abfdd64dea7738ad00f3dd82075d20c\",\"name\":\"P\u00e4ivi Arjas\",\"image\":{\"@type\":\"ImageObject\",\"inLanguage\":\"sv-SE\",\"@id\":\"https:\/\/luxmusicae.com\/#\/schema\/person\/image\/\",\"url\":\"https:\/\/secure.gravatar.com\/avatar\/7b50f9df66bf08f1a1bb9d2076e0b1b5b0019bf5d045319f7969c9a68fe64045?s=96&d=blank&r=g\",\"contentUrl\":\"https:\/\/secure.gravatar.com\/avatar\/7b50f9df66bf08f1a1bb9d2076e0b1b5b0019bf5d045319f7969c9a68fe64045?s=96&d=blank&r=g\",\"caption\":\"P\u00e4ivi Arjas\"},\"url\":\"https:\/\/luxmusicae.com\/sv\/author\/paivi\/\"}]}<\/script>\n<!-- \/ Yoast SEO plugin. -->","yoast_head_json":{"title":"Lux Musicae 13.-15.11.2026 - Artturi Aalto spelar i st\u00e4llet f\u00f6r Andreas Brantelid","robots":{"index":"index","follow":"follow","max-snippet":"max-snippet:-1","max-image-preview":"max-image-preview:large","max-video-preview":"max-video-preview:-1"},"canonical":"https:\/\/luxmusicae.com\/sv\/5744\/","og_locale":"sv_SE","og_type":"article","og_title":"Lux Musicae 13.-15.11.2026 - Artturi Aalto spelar i st\u00e4llet f\u00f6r Andreas Brantelid","og_description":"Andreas Brantelid var tvungen att ov\u00e4ntat st\u00e4lla in sin medverkan i Lux Musicae. Han ers\u00e4tts av Artturi Aalto, som redan f\u00f6rra \u00e5ret vann sjunde\u00e5bornas hj\u00e4rtan. Artturi Aalto b\u00f6rjade sina cellostudier 2006 vid Esbo musikinstitut och sedan 2013 han studerade vid Sibelius-Akademins ungdomsavdelning som elev till Timo Hanhinen. \u00c5r 2018 inledde han sina studier hos professor [&hellip;]","og_url":"https:\/\/luxmusicae.com\/sv\/5744\/","og_site_name":"Lux Musicae 13.-15.11.2026","article_published_time":"2024-11-15T11:33:50+00:00","article_modified_time":"2024-11-15T11:37:54+00:00","og_image":[{"width":2400,"height":1600,"url":"https:\/\/i0.wp.com\/luxmusicae.com\/wp-content\/uploads\/2025\/07\/LuxMusicae2025_www_HEADER_KORJ.png?fit=2400%2C1600&ssl=1","type":"image\/png"}],"author":"P\u00e4ivi Arjas","twitter_card":"summary_large_image","twitter_misc":{"Skriven av":"P\u00e4ivi Arjas","Ber\u00e4knad l\u00e4stid":"1 minut"},"schema":{"@context":"https:\/\/schema.org","@graph":[{"@type":"Article","@id":"https:\/\/luxmusicae.com\/sv\/5744\/#article","isPartOf":{"@id":"https:\/\/luxmusicae.com\/sv\/5744\/"},"author":{"name":"P\u00e4ivi Arjas","@id":"https:\/\/luxmusicae.com\/#\/schema\/person\/6abfdd64dea7738ad00f3dd82075d20c"},"headline":"Artturi Aalto spelar i st\u00e4llet f\u00f6r Andreas Brantelid","datePublished":"2024-11-15T11:33:50+00:00","dateModified":"2024-11-15T11:37:54+00:00","mainEntityOfPage":{"@id":"https:\/\/luxmusicae.com\/sv\/5744\/"},"wordCount":123,"publisher":{"@id":"https:\/\/luxmusicae.com\/#organization"},"articleSection":["Uutiset-Nyheter-News"],"inLanguage":"sv-SE"},{"@type":"WebPage","@id":"https:\/\/luxmusicae.com\/sv\/5744\/","url":"https:\/\/luxmusicae.com\/sv\/5744\/","name":"Lux Musicae 13.-15.11.2026 - Artturi Aalto spelar i st\u00e4llet f\u00f6r Andreas Brantelid","isPartOf":{"@id":"https:\/\/luxmusicae.com\/#website"},"datePublished":"2024-11-15T11:33:50+00:00","dateModified":"2024-11-15T11:37:54+00:00","breadcrumb":{"@id":"https:\/\/luxmusicae.com\/sv\/5744\/#breadcrumb"},"inLanguage":"sv-SE","potentialAction":[{"@type":"ReadAction","target":["https:\/\/luxmusicae.com\/sv\/5744\/"]}]},{"@type":"BreadcrumbList","@id":"https:\/\/luxmusicae.com\/sv\/5744\/#breadcrumb","itemListElement":[{"@type":"ListItem","position":1,"name":"Etusivu","item":"https:\/\/luxmusicae.com\/"},{"@type":"ListItem","position":2,"name":"Artturi Aalto spelar i st\u00e4llet f\u00f6r Andreas Brantelid"}]},{"@type":"WebSite","@id":"https:\/\/luxmusicae.com\/#website","url":"https:\/\/luxmusicae.com\/","name":"Lux Musicae 13.-15.11.2026","description":"Musiikkifestivaali Siuntiossa joka vuoden marraskuussa! - Musikfestival i Sjunde\u00e5. Varje \u00e5r i November! - Music Festival of Siuntio. Every year in november!","publisher":{"@id":"https:\/\/luxmusicae.com\/#organization"},"potentialAction":[{"@type":"SearchAction","target":{"@type":"EntryPoint","urlTemplate":"https:\/\/luxmusicae.com\/?s={search_term_string}"},"query-input":{"@type":"PropertyValueSpecification","valueRequired":true,"valueName":"search_term_string"}}],"inLanguage":"sv-SE"},{"@type":"Organization","@id":"https:\/\/luxmusicae.com\/#organization","name":"Lux Musicae 13.-15.11.2026","url":"https:\/\/luxmusicae.com\/","logo":{"@type":"ImageObject","inLanguage":"sv-SE","@id":"https:\/\/luxmusicae.com\/#\/schema\/logo\/image\/","url":"https:\/\/i0.wp.com\/luxmusicae.com\/wp-content\/uploads\/2024\/07\/cropped-LuxMusicae2024_www_LOGO.png?fit=100%2C100&ssl=1","contentUrl":"https:\/\/i0.wp.com\/luxmusicae.com\/wp-content\/uploads\/2024\/07\/cropped-LuxMusicae2024_www_LOGO.png?fit=100%2C100&ssl=1","width":100,"height":100,"caption":"Lux Musicae 13.-15.11.2026"},"image":{"@id":"https:\/\/luxmusicae.com\/#\/schema\/logo\/image\/"}},{"@type":"Person","@id":"https:\/\/luxmusicae.com\/#\/schema\/person\/6abfdd64dea7738ad00f3dd82075d20c","name":"P\u00e4ivi Arjas","image":{"@type":"ImageObject","inLanguage":"sv-SE","@id":"https:\/\/luxmusicae.com\/#\/schema\/person\/image\/","url":"https:\/\/secure.gravatar.com\/avatar\/7b50f9df66bf08f1a1bb9d2076e0b1b5b0019bf5d045319f7969c9a68fe64045?s=96&d=blank&r=g","contentUrl":"https:\/\/secure.gravatar.com\/avatar\/7b50f9df66bf08f1a1bb9d2076e0b1b5b0019bf5d045319f7969c9a68fe64045?s=96&d=blank&r=g","caption":"P\u00e4ivi Arjas"},"url":"https:\/\/luxmusicae.com\/sv\/author\/paivi\/"}]}},"jetpack_featured_media_url":"","uagb_featured_image_src":{"full":false,"thumbnail":false,"medium":false,"medium_large":false,"large":false,"1536x1536":false,"2048x2048":false,"ect-jetpack-portfolio-featured":false,"ect-featured-content":false,"jetpack-portfolio-admin-thumb":false,"featured-content-admin-thumb":false},"uagb_author_info":{"display_name":"P\u00e4ivi Arjas","author_link":"https:\/\/luxmusicae.com\/sv\/author\/paivi\/"},"uagb_comment_info":0,"uagb_excerpt":"Andreas Brantelid var tvungen att ov\u00e4ntat st\u00e4lla in sin medverkan i Lux Musicae. Han ers\u00e4tts av Artturi Aalto, som redan f\u00f6rra \u00e5ret vann sjunde\u00e5bornas hj\u00e4rtan. Artturi Aalto b\u00f6rjade sina cellostudier 2006 vid Esbo musikinstitut och sedan 2013 han studerade vid Sibelius-Akademins ungdomsavdelning som elev till Timo Hanhinen. \u00c5r 2018 inledde han sina studier hos professor&hellip;","jetpack_shortlink":"https:\/\/wp.me\/s968cz-5744","jetpack_sharing_enabled":true,"_links":{"self":[{"href":"https:\/\/luxmusicae.com\/sv\/wp-json\/wp\/v2\/posts\/5744","targetHints":{"allow":["GET"]}}],"collection":[{"href":"https:\/\/luxmusicae.com\/sv\/wp-json\/wp\/v2\/posts"}],"about":[{"href":"https:\/\/luxmusicae.com\/sv\/wp-json\/wp\/v2\/types\/post"}],"author":[{"embeddable":true,"href":"https:\/\/luxmusicae.com\/sv\/wp-json\/wp\/v2\/users\/5"}],"replies":[{"embeddable":true,"href":"https:\/\/luxmusicae.com\/sv\/wp-json\/wp\/v2\/comments?post=5744"}],"version-history":[{"count":4,"href":"https:\/\/luxmusicae.com\/sv\/wp-json\/wp\/v2\/posts\/5744\/revisions"}],"predecessor-version":[{"id":5748,"href":"https:\/\/luxmusicae.com\/sv\/wp-json\/wp\/v2\/posts\/5744\/revisions\/5748"}],"wp:attachment":[{"href":"https:\/\/luxmusicae.com\/sv\/wp-json\/wp\/v2\/media?parent=5744"}],"wp:term":[{"taxonomy":"category","embeddable":true,"href":"https:\/\/luxmusicae.com\/sv\/wp-json\/wp\/v2\/categories?post=5744"},{"taxonomy":"post_tag","embeddable":true,"href":"https:\/\/luxmusicae.com\/sv\/wp-json\/wp\/v2\/tags?post=5744"}],"curies":[{"name":"wp","href":"https:\/\/api.w.org\/{rel}","templated":true}]}}