{"id":5721,"date":"2024-10-23T18:04:46","date_gmt":"2024-10-23T15:04:46","guid":{"rendered":"https:\/\/luxmusicae.com\/?p=5721"},"modified":"2024-10-23T18:12:41","modified_gmt":"2024-10-23T15:12:41","slug":"riitta-paakki-trios-konsert-slutsald","status":"publish","type":"post","link":"https:\/\/luxmusicae.com\/sv\/riitta-paakki-trios-konsert-slutsald\/","title":{"rendered":"Riitta Paakki trios konsert sluts\u00e5ld!"},"content":{"rendered":"\n<p>Men oroa dig inte! En konsert av <strong>Aili J\u00e4rvel\u00e4 och Sigurdur R\u00f6gnvaldsson<\/strong> l\u00f6rdagen den 16.11. kl. 18 Bildningscampuset Sjunde\u00e5 hj\u00e4rta \u00e4r garanterat ett utm\u00e4rkt val! J\u00e4rvel\u00e4 \u00e4r en dold p\u00e4rla bland &#8221;den nya generationens l\u00e5tskrivare&#8221; som Sjunde\u00e5borna och Lux Musicaen-festivalbes\u00f6karna nu kan uppt\u00e4cka. J\u00e4rvel\u00e4 \u00e4r skicklig p\u00e5 pop, rock, folkmusik men ocks\u00e5 jazz! Och det beror p\u00e5 att hon \u00e4r riktig ber\u00f6rande tolk! H\u00e4r f\u00e5r ni ocks\u00e5 ett bra tips p\u00e5 en fars dag-present.<\/p>\n\n\n\n<p>Bekanta dig ocks\u00e5 med Lux Musicaes \u00f6vriga konsertutbud! Det blir v\u00e4rldspremi\u00e4rer av <strong>Kimmo Hakola och Maleena Linjama<\/strong>. Ett unikt tillf\u00e4lle att h\u00f6ra tv\u00e5 internationella artister spela tillsammans n\u00e4r <strong>Andreas Brantelid och Juho Pohjonen<\/strong> m\u00f6ts i fredags- och s\u00f6ndagskonserter, medeltidsmusik i v\u00e5r medeltidskyrka och kaffekonsert med \u00e4nnu fler hyllningar till <em>Omaggio<\/em>. Kom ocks\u00e5 ih\u00e5g att barn under 16 \u00e5r har fritt intr\u00e4de.<\/p>\n","protected":false},"excerpt":{"rendered":"<p>Men oroa dig inte! En konsert av Aili J\u00e4rvel\u00e4 och Sigurdur R\u00f6gnvaldsson l\u00f6rdagen den 16.11. kl. 18 Bildningscampuset Sjunde\u00e5 hj\u00e4rta \u00e4r garanterat ett utm\u00e4rkt val! J\u00e4rvel\u00e4 \u00e4r en dold p\u00e4rla bland &#8221;den nya generationens l\u00e5tskrivare&#8221; som Sjunde\u00e5borna och Lux Musicaen-festivalbes\u00f6karna nu kan uppt\u00e4cka. J\u00e4rvel\u00e4 \u00e4r skicklig p\u00e5 pop, rock, folkmusik men ocks\u00e5 jazz! Och det [&hellip;]<\/p>\n","protected":false},"author":3,"featured_media":0,"comment_status":"closed","ping_status":"open","sticky":false,"template":"","format":"standard","meta":{"_uag_custom_page_level_css":"","jetpack_post_was_ever_published":false,"_jetpack_newsletter_access":"","_jetpack_dont_email_post_to_subs":false,"_jetpack_newsletter_tier_id":0,"_jetpack_memberships_contains_paywalled_content":false,"_jetpack_memberships_contains_paid_content":false,"footnotes":""},"categories":[26],"tags":[],"class_list":["post-5721","post","type-post","status-publish","format-standard","hentry","category-uutiset-nyheter-news-sv"],"yoast_head":"<!-- This site is optimized with the Yoast SEO plugin v26.8 - https:\/\/yoast.com\/product\/yoast-seo-wordpress\/ -->\n<title>Lux Musicae 13.-15.11.2026 - Riitta Paakki trios konsert sluts\u00e5ld!<\/title>\n<meta name=\"robots\" content=\"index, follow, max-snippet:-1, max-image-preview:large, max-video-preview:-1\" \/>\n<link rel=\"canonical\" href=\"https:\/\/luxmusicae.com\/sv\/riitta-paakki-trios-konsert-slutsald\/\" \/>\n<meta property=\"og:locale\" content=\"sv_SE\" \/>\n<meta property=\"og:type\" content=\"article\" \/>\n<meta property=\"og:title\" content=\"Lux Musicae 13.-15.11.2026 - Riitta Paakki trios konsert sluts\u00e5ld!\" \/>\n<meta property=\"og:description\" content=\"Men oroa dig inte! En konsert av Aili J\u00e4rvel\u00e4 och Sigurdur R\u00f6gnvaldsson l\u00f6rdagen den 16.11. kl. 18 Bildningscampuset Sjunde\u00e5 hj\u00e4rta \u00e4r garanterat ett utm\u00e4rkt val! J\u00e4rvel\u00e4 \u00e4r en dold p\u00e4rla bland &#8221;den nya generationens l\u00e5tskrivare&#8221; som Sjunde\u00e5borna och Lux Musicaen-festivalbes\u00f6karna nu kan uppt\u00e4cka. J\u00e4rvel\u00e4 \u00e4r skicklig p\u00e5 pop, rock, folkmusik men ocks\u00e5 jazz! Och det [&hellip;]\" \/>\n<meta property=\"og:url\" content=\"https:\/\/luxmusicae.com\/sv\/riitta-paakki-trios-konsert-slutsald\/\" \/>\n<meta property=\"og:site_name\" content=\"Lux Musicae 13.-15.11.2026\" \/>\n<meta property=\"article:published_time\" content=\"2024-10-23T15:04:46+00:00\" \/>\n<meta property=\"article:modified_time\" content=\"2024-10-23T15:12:41+00:00\" \/>\n<meta property=\"og:image\" content=\"https:\/\/i0.wp.com\/luxmusicae.com\/wp-content\/uploads\/2025\/07\/LuxMusicae2025_www_HEADER_KORJ.png?fit=2400%2C1600&ssl=1\" \/>\n\t<meta property=\"og:image:width\" content=\"2400\" \/>\n\t<meta property=\"og:image:height\" content=\"1600\" \/>\n\t<meta property=\"og:image:type\" content=\"image\/png\" \/>\n<meta name=\"author\" content=\"Arja Alho\" \/>\n<meta name=\"twitter:card\" content=\"summary_large_image\" \/>\n<meta name=\"twitter:label1\" content=\"Skriven av\" \/>\n\t<meta name=\"twitter:data1\" content=\"Arja Alho\" \/>\n\t<meta name=\"twitter:label2\" content=\"Ber\u00e4knad l\u00e4stid\" \/>\n\t<meta name=\"twitter:data2\" content=\"1 minut\" \/>\n<script type=\"application\/ld+json\" class=\"yoast-schema-graph\">{\"@context\":\"https:\/\/schema.org\",\"@graph\":[{\"@type\":\"Article\",\"@id\":\"https:\/\/luxmusicae.com\/sv\/riitta-paakki-trios-konsert-slutsald\/#article\",\"isPartOf\":{\"@id\":\"https:\/\/luxmusicae.com\/sv\/riitta-paakki-trios-konsert-slutsald\/\"},\"author\":{\"name\":\"Arja Alho\",\"@id\":\"https:\/\/luxmusicae.com\/#\/schema\/person\/3d48cb62b1d54d72d79d0cd493f18d90\"},\"headline\":\"Riitta Paakki trios konsert sluts\u00e5ld!\",\"datePublished\":\"2024-10-23T15:04:46+00:00\",\"dateModified\":\"2024-10-23T15:12:41+00:00\",\"mainEntityOfPage\":{\"@id\":\"https:\/\/luxmusicae.com\/sv\/riitta-paakki-trios-konsert-slutsald\/\"},\"wordCount\":163,\"publisher\":{\"@id\":\"https:\/\/luxmusicae.com\/#organization\"},\"articleSection\":[\"Uutiset-Nyheter-News\"],\"inLanguage\":\"sv-SE\"},{\"@type\":\"WebPage\",\"@id\":\"https:\/\/luxmusicae.com\/sv\/riitta-paakki-trios-konsert-slutsald\/\",\"url\":\"https:\/\/luxmusicae.com\/sv\/riitta-paakki-trios-konsert-slutsald\/\",\"name\":\"Lux Musicae 13.-15.11.2026 - Riitta Paakki trios konsert sluts\u00e5ld!\",\"isPartOf\":{\"@id\":\"https:\/\/luxmusicae.com\/#website\"},\"datePublished\":\"2024-10-23T15:04:46+00:00\",\"dateModified\":\"2024-10-23T15:12:41+00:00\",\"breadcrumb\":{\"@id\":\"https:\/\/luxmusicae.com\/sv\/riitta-paakki-trios-konsert-slutsald\/#breadcrumb\"},\"inLanguage\":\"sv-SE\",\"potentialAction\":[{\"@type\":\"ReadAction\",\"target\":[\"https:\/\/luxmusicae.com\/sv\/riitta-paakki-trios-konsert-slutsald\/\"]}]},{\"@type\":\"BreadcrumbList\",\"@id\":\"https:\/\/luxmusicae.com\/sv\/riitta-paakki-trios-konsert-slutsald\/#breadcrumb\",\"itemListElement\":[{\"@type\":\"ListItem\",\"position\":1,\"name\":\"Etusivu\",\"item\":\"https:\/\/luxmusicae.com\/\"},{\"@type\":\"ListItem\",\"position\":2,\"name\":\"Riitta Paakki trios konsert sluts\u00e5ld!\"}]},{\"@type\":\"WebSite\",\"@id\":\"https:\/\/luxmusicae.com\/#website\",\"url\":\"https:\/\/luxmusicae.com\/\",\"name\":\"Lux Musicae 13.-15.11.2026\",\"description\":\"Musiikkifestivaali Siuntiossa joka vuoden marraskuussa! - Musikfestival i Sjunde\u00e5. Varje \u00e5r i November! - Music Festival of Siuntio. Every year in november!\",\"publisher\":{\"@id\":\"https:\/\/luxmusicae.com\/#organization\"},\"potentialAction\":[{\"@type\":\"SearchAction\",\"target\":{\"@type\":\"EntryPoint\",\"urlTemplate\":\"https:\/\/luxmusicae.com\/?s={search_term_string}\"},\"query-input\":{\"@type\":\"PropertyValueSpecification\",\"valueRequired\":true,\"valueName\":\"search_term_string\"}}],\"inLanguage\":\"sv-SE\"},{\"@type\":\"Organization\",\"@id\":\"https:\/\/luxmusicae.com\/#organization\",\"name\":\"Lux Musicae 13.-15.11.2026\",\"url\":\"https:\/\/luxmusicae.com\/\",\"logo\":{\"@type\":\"ImageObject\",\"inLanguage\":\"sv-SE\",\"@id\":\"https:\/\/luxmusicae.com\/#\/schema\/logo\/image\/\",\"url\":\"https:\/\/i0.wp.com\/luxmusicae.com\/wp-content\/uploads\/2024\/07\/cropped-LuxMusicae2024_www_LOGO.png?fit=100%2C100&ssl=1\",\"contentUrl\":\"https:\/\/i0.wp.com\/luxmusicae.com\/wp-content\/uploads\/2024\/07\/cropped-LuxMusicae2024_www_LOGO.png?fit=100%2C100&ssl=1\",\"width\":100,\"height\":100,\"caption\":\"Lux Musicae 13.-15.11.2026\"},\"image\":{\"@id\":\"https:\/\/luxmusicae.com\/#\/schema\/logo\/image\/\"}},{\"@type\":\"Person\",\"@id\":\"https:\/\/luxmusicae.com\/#\/schema\/person\/3d48cb62b1d54d72d79d0cd493f18d90\",\"name\":\"Arja Alho\",\"image\":{\"@type\":\"ImageObject\",\"inLanguage\":\"sv-SE\",\"@id\":\"https:\/\/luxmusicae.com\/#\/schema\/person\/image\/\",\"url\":\"https:\/\/secure.gravatar.com\/avatar\/8df9dc05ccacfbda777f02322c989ed29b67de9bb6cc82cfaf7bdb5b4aa4d299?s=96&d=blank&r=g\",\"contentUrl\":\"https:\/\/secure.gravatar.com\/avatar\/8df9dc05ccacfbda777f02322c989ed29b67de9bb6cc82cfaf7bdb5b4aa4d299?s=96&d=blank&r=g\",\"caption\":\"Arja Alho\"},\"url\":\"https:\/\/luxmusicae.com\/sv\/author\/arja\/\"}]}<\/script>\n<!-- \/ Yoast SEO plugin. -->","yoast_head_json":{"title":"Lux Musicae 13.-15.11.2026 - Riitta Paakki trios konsert sluts\u00e5ld!","robots":{"index":"index","follow":"follow","max-snippet":"max-snippet:-1","max-image-preview":"max-image-preview:large","max-video-preview":"max-video-preview:-1"},"canonical":"https:\/\/luxmusicae.com\/sv\/riitta-paakki-trios-konsert-slutsald\/","og_locale":"sv_SE","og_type":"article","og_title":"Lux Musicae 13.-15.11.2026 - Riitta Paakki trios konsert sluts\u00e5ld!","og_description":"Men oroa dig inte! En konsert av Aili J\u00e4rvel\u00e4 och Sigurdur R\u00f6gnvaldsson l\u00f6rdagen den 16.11. kl. 18 Bildningscampuset Sjunde\u00e5 hj\u00e4rta \u00e4r garanterat ett utm\u00e4rkt val! J\u00e4rvel\u00e4 \u00e4r en dold p\u00e4rla bland &#8221;den nya generationens l\u00e5tskrivare&#8221; som Sjunde\u00e5borna och Lux Musicaen-festivalbes\u00f6karna nu kan uppt\u00e4cka. J\u00e4rvel\u00e4 \u00e4r skicklig p\u00e5 pop, rock, folkmusik men ocks\u00e5 jazz! Och det [&hellip;]","og_url":"https:\/\/luxmusicae.com\/sv\/riitta-paakki-trios-konsert-slutsald\/","og_site_name":"Lux Musicae 13.-15.11.2026","article_published_time":"2024-10-23T15:04:46+00:00","article_modified_time":"2024-10-23T15:12:41+00:00","og_image":[{"width":2400,"height":1600,"url":"https:\/\/i0.wp.com\/luxmusicae.com\/wp-content\/uploads\/2025\/07\/LuxMusicae2025_www_HEADER_KORJ.png?fit=2400%2C1600&ssl=1","type":"image\/png"}],"author":"Arja Alho","twitter_card":"summary_large_image","twitter_misc":{"Skriven av":"Arja Alho","Ber\u00e4knad l\u00e4stid":"1 minut"},"schema":{"@context":"https:\/\/schema.org","@graph":[{"@type":"Article","@id":"https:\/\/luxmusicae.com\/sv\/riitta-paakki-trios-konsert-slutsald\/#article","isPartOf":{"@id":"https:\/\/luxmusicae.com\/sv\/riitta-paakki-trios-konsert-slutsald\/"},"author":{"name":"Arja Alho","@id":"https:\/\/luxmusicae.com\/#\/schema\/person\/3d48cb62b1d54d72d79d0cd493f18d90"},"headline":"Riitta Paakki trios konsert sluts\u00e5ld!","datePublished":"2024-10-23T15:04:46+00:00","dateModified":"2024-10-23T15:12:41+00:00","mainEntityOfPage":{"@id":"https:\/\/luxmusicae.com\/sv\/riitta-paakki-trios-konsert-slutsald\/"},"wordCount":163,"publisher":{"@id":"https:\/\/luxmusicae.com\/#organization"},"articleSection":["Uutiset-Nyheter-News"],"inLanguage":"sv-SE"},{"@type":"WebPage","@id":"https:\/\/luxmusicae.com\/sv\/riitta-paakki-trios-konsert-slutsald\/","url":"https:\/\/luxmusicae.com\/sv\/riitta-paakki-trios-konsert-slutsald\/","name":"Lux Musicae 13.-15.11.2026 - Riitta Paakki trios konsert sluts\u00e5ld!","isPartOf":{"@id":"https:\/\/luxmusicae.com\/#website"},"datePublished":"2024-10-23T15:04:46+00:00","dateModified":"2024-10-23T15:12:41+00:00","breadcrumb":{"@id":"https:\/\/luxmusicae.com\/sv\/riitta-paakki-trios-konsert-slutsald\/#breadcrumb"},"inLanguage":"sv-SE","potentialAction":[{"@type":"ReadAction","target":["https:\/\/luxmusicae.com\/sv\/riitta-paakki-trios-konsert-slutsald\/"]}]},{"@type":"BreadcrumbList","@id":"https:\/\/luxmusicae.com\/sv\/riitta-paakki-trios-konsert-slutsald\/#breadcrumb","itemListElement":[{"@type":"ListItem","position":1,"name":"Etusivu","item":"https:\/\/luxmusicae.com\/"},{"@type":"ListItem","position":2,"name":"Riitta Paakki trios konsert sluts\u00e5ld!"}]},{"@type":"WebSite","@id":"https:\/\/luxmusicae.com\/#website","url":"https:\/\/luxmusicae.com\/","name":"Lux Musicae 13.-15.11.2026","description":"Musiikkifestivaali Siuntiossa joka vuoden marraskuussa! - Musikfestival i Sjunde\u00e5. Varje \u00e5r i November! - Music Festival of Siuntio. Every year in november!","publisher":{"@id":"https:\/\/luxmusicae.com\/#organization"},"potentialAction":[{"@type":"SearchAction","target":{"@type":"EntryPoint","urlTemplate":"https:\/\/luxmusicae.com\/?s={search_term_string}"},"query-input":{"@type":"PropertyValueSpecification","valueRequired":true,"valueName":"search_term_string"}}],"inLanguage":"sv-SE"},{"@type":"Organization","@id":"https:\/\/luxmusicae.com\/#organization","name":"Lux Musicae 13.-15.11.2026","url":"https:\/\/luxmusicae.com\/","logo":{"@type":"ImageObject","inLanguage":"sv-SE","@id":"https:\/\/luxmusicae.com\/#\/schema\/logo\/image\/","url":"https:\/\/i0.wp.com\/luxmusicae.com\/wp-content\/uploads\/2024\/07\/cropped-LuxMusicae2024_www_LOGO.png?fit=100%2C100&ssl=1","contentUrl":"https:\/\/i0.wp.com\/luxmusicae.com\/wp-content\/uploads\/2024\/07\/cropped-LuxMusicae2024_www_LOGO.png?fit=100%2C100&ssl=1","width":100,"height":100,"caption":"Lux Musicae 13.-15.11.2026"},"image":{"@id":"https:\/\/luxmusicae.com\/#\/schema\/logo\/image\/"}},{"@type":"Person","@id":"https:\/\/luxmusicae.com\/#\/schema\/person\/3d48cb62b1d54d72d79d0cd493f18d90","name":"Arja Alho","image":{"@type":"ImageObject","inLanguage":"sv-SE","@id":"https:\/\/luxmusicae.com\/#\/schema\/person\/image\/","url":"https:\/\/secure.gravatar.com\/avatar\/8df9dc05ccacfbda777f02322c989ed29b67de9bb6cc82cfaf7bdb5b4aa4d299?s=96&d=blank&r=g","contentUrl":"https:\/\/secure.gravatar.com\/avatar\/8df9dc05ccacfbda777f02322c989ed29b67de9bb6cc82cfaf7bdb5b4aa4d299?s=96&d=blank&r=g","caption":"Arja Alho"},"url":"https:\/\/luxmusicae.com\/sv\/author\/arja\/"}]}},"jetpack_featured_media_url":"","uagb_featured_image_src":{"full":false,"thumbnail":false,"medium":false,"medium_large":false,"large":false,"1536x1536":false,"2048x2048":false,"ect-jetpack-portfolio-featured":false,"ect-featured-content":false,"jetpack-portfolio-admin-thumb":false,"featured-content-admin-thumb":false},"uagb_author_info":{"display_name":"Arja Alho","author_link":"https:\/\/luxmusicae.com\/sv\/author\/arja\/"},"uagb_comment_info":0,"uagb_excerpt":"Men oroa dig inte! En konsert av Aili J\u00e4rvel\u00e4 och Sigurdur R\u00f6gnvaldsson l\u00f6rdagen den 16.11. kl. 18 Bildningscampuset Sjunde\u00e5 hj\u00e4rta \u00e4r garanterat ett utm\u00e4rkt val! J\u00e4rvel\u00e4 \u00e4r en dold p\u00e4rla bland &#8221;den nya generationens l\u00e5tskrivare&#8221; som Sjunde\u00e5borna och Lux Musicaen-festivalbes\u00f6karna nu kan uppt\u00e4cka. J\u00e4rvel\u00e4 \u00e4r skicklig p\u00e5 pop, rock, folkmusik men ocks\u00e5 jazz! Och det&hellip;","jetpack_shortlink":"https:\/\/wp.me\/p968cz-1uh","jetpack_sharing_enabled":true,"_links":{"self":[{"href":"https:\/\/luxmusicae.com\/sv\/wp-json\/wp\/v2\/posts\/5721","targetHints":{"allow":["GET"]}}],"collection":[{"href":"https:\/\/luxmusicae.com\/sv\/wp-json\/wp\/v2\/posts"}],"about":[{"href":"https:\/\/luxmusicae.com\/sv\/wp-json\/wp\/v2\/types\/post"}],"author":[{"embeddable":true,"href":"https:\/\/luxmusicae.com\/sv\/wp-json\/wp\/v2\/users\/3"}],"replies":[{"embeddable":true,"href":"https:\/\/luxmusicae.com\/sv\/wp-json\/wp\/v2\/comments?post=5721"}],"version-history":[{"count":2,"href":"https:\/\/luxmusicae.com\/sv\/wp-json\/wp\/v2\/posts\/5721\/revisions"}],"predecessor-version":[{"id":5726,"href":"https:\/\/luxmusicae.com\/sv\/wp-json\/wp\/v2\/posts\/5721\/revisions\/5726"}],"wp:attachment":[{"href":"https:\/\/luxmusicae.com\/sv\/wp-json\/wp\/v2\/media?parent=5721"}],"wp:term":[{"taxonomy":"category","embeddable":true,"href":"https:\/\/luxmusicae.com\/sv\/wp-json\/wp\/v2\/categories?post=5721"},{"taxonomy":"post_tag","embeddable":true,"href":"https:\/\/luxmusicae.com\/sv\/wp-json\/wp\/v2\/tags?post=5721"}],"curies":[{"name":"wp","href":"https:\/\/api.w.org\/{rel}","templated":true}]}}