{"id":5701,"date":"2024-09-30T10:39:11","date_gmt":"2024-09-30T07:39:11","guid":{"rendered":"https:\/\/luxmusicae.com\/?p=5701"},"modified":"2024-09-30T10:39:14","modified_gmt":"2024-09-30T07:39:14","slug":"katarinas-gaffels-fard-till-sjundea","status":"publish","type":"post","link":"https:\/\/luxmusicae.com\/sv\/katarinas-gaffels-fard-till-sjundea\/","title":{"rendered":"Katarinas gaffels f\u00e4rd till Sjunde\u00e5"},"content":{"rendered":"\n<p>F\u00f6r Lux Musicae-festivalen \u00e4r lokal f\u00f6rankring viktig. Likas\u00e5 utbudet f\u00f6r barn och ungdomar samt musikundervisning.<\/p>\n\n\n\n<p>Denna g\u00e5ng g\u00f6r sj\u00e4tteklassarna fr\u00e5n Sjunde\u00e5 en utflykt till \u00c5bo slott den 4 oktober. De bekantar sig med Katarina Jagellonicas och hertig Johans livshistoria samt samtidigt med Sjunde\u00e5s historia. Paret hade n\u00e4mligen en br\u00f6llopsresa fr\u00e5n Tallinn till \u00c5bo, som slutade med ett skeppsbrott i Sjunde\u00e5.<\/p>\n\n\n\n<p>I Katarinas reskista fanns inte bara vackra smycken och kl\u00e4nningar enligt senaste modet i Paris, utan ocks\u00e5 en gaffel.<\/p>\n\n\n\n<p>Fredagens kv\u00e4llskonsert den 14 november \u00e4r gratis f\u00f6r barn under 16 \u00e5r och varar en timme. Musiken best\u00e5r av medeltida s\u00e5ng- och instrumentalmusik \u2013 och temat \u00e4r f\u00f6rst\u00e5s k\u00e4rlek! F\u00f6r\u00e4ldrar till sj\u00e4tteklassarna: ta vara p\u00e5 erbjudandet! Vuxna 25\u20ac.<\/p>\n","protected":false},"excerpt":{"rendered":"<p>F\u00f6r Lux Musicae-festivalen \u00e4r lokal f\u00f6rankring viktig. Likas\u00e5 utbudet f\u00f6r barn och ungdomar samt musikundervisning. Denna g\u00e5ng g\u00f6r sj\u00e4tteklassarna fr\u00e5n Sjunde\u00e5 en utflykt till \u00c5bo slott den 4 oktober. De bekantar sig med Katarina Jagellonicas och hertig Johans livshistoria samt samtidigt med Sjunde\u00e5s historia. Paret hade n\u00e4mligen en br\u00f6llopsresa fr\u00e5n Tallinn till \u00c5bo, som slutade [&hellip;]<\/p>\n","protected":false},"author":3,"featured_media":0,"comment_status":"closed","ping_status":"open","sticky":false,"template":"","format":"standard","meta":{"_uag_custom_page_level_css":"","jetpack_post_was_ever_published":false,"_jetpack_newsletter_access":"","_jetpack_dont_email_post_to_subs":false,"_jetpack_newsletter_tier_id":0,"_jetpack_memberships_contains_paywalled_content":false,"_jetpack_memberships_contains_paid_content":false,"footnotes":""},"categories":[26],"tags":[],"class_list":["post-5701","post","type-post","status-publish","format-standard","hentry","category-uutiset-nyheter-news-sv"],"yoast_head":"<!-- This site is optimized with the Yoast SEO plugin v26.8 - https:\/\/yoast.com\/product\/yoast-seo-wordpress\/ -->\n<title>Lux Musicae 13.-15.11.2026 - Katarinas gaffels f\u00e4rd till Sjunde\u00e5<\/title>\n<meta name=\"robots\" content=\"index, follow, max-snippet:-1, max-image-preview:large, max-video-preview:-1\" \/>\n<link rel=\"canonical\" href=\"https:\/\/luxmusicae.com\/sv\/katarinas-gaffels-fard-till-sjundea\/\" \/>\n<meta property=\"og:locale\" content=\"sv_SE\" \/>\n<meta property=\"og:type\" content=\"article\" \/>\n<meta property=\"og:title\" content=\"Lux Musicae 13.-15.11.2026 - Katarinas gaffels f\u00e4rd till Sjunde\u00e5\" \/>\n<meta property=\"og:description\" content=\"F\u00f6r Lux Musicae-festivalen \u00e4r lokal f\u00f6rankring viktig. Likas\u00e5 utbudet f\u00f6r barn och ungdomar samt musikundervisning. Denna g\u00e5ng g\u00f6r sj\u00e4tteklassarna fr\u00e5n Sjunde\u00e5 en utflykt till \u00c5bo slott den 4 oktober. De bekantar sig med Katarina Jagellonicas och hertig Johans livshistoria samt samtidigt med Sjunde\u00e5s historia. Paret hade n\u00e4mligen en br\u00f6llopsresa fr\u00e5n Tallinn till \u00c5bo, som slutade [&hellip;]\" \/>\n<meta property=\"og:url\" content=\"https:\/\/luxmusicae.com\/sv\/katarinas-gaffels-fard-till-sjundea\/\" \/>\n<meta property=\"og:site_name\" content=\"Lux Musicae 13.-15.11.2026\" \/>\n<meta property=\"article:published_time\" content=\"2024-09-30T07:39:11+00:00\" \/>\n<meta property=\"article:modified_time\" content=\"2024-09-30T07:39:14+00:00\" \/>\n<meta property=\"og:image\" content=\"https:\/\/i0.wp.com\/luxmusicae.com\/wp-content\/uploads\/2025\/07\/LuxMusicae2025_www_HEADER_KORJ.png?fit=2400%2C1600&ssl=1\" \/>\n\t<meta property=\"og:image:width\" content=\"2400\" \/>\n\t<meta property=\"og:image:height\" content=\"1600\" \/>\n\t<meta property=\"og:image:type\" content=\"image\/png\" \/>\n<meta name=\"author\" content=\"Arja Alho\" \/>\n<meta name=\"twitter:card\" content=\"summary_large_image\" \/>\n<meta name=\"twitter:label1\" content=\"Skriven av\" \/>\n\t<meta name=\"twitter:data1\" content=\"Arja Alho\" \/>\n\t<meta name=\"twitter:label2\" content=\"Ber\u00e4knad l\u00e4stid\" \/>\n\t<meta name=\"twitter:data2\" content=\"1 minut\" \/>\n<script type=\"application\/ld+json\" class=\"yoast-schema-graph\">{\"@context\":\"https:\/\/schema.org\",\"@graph\":[{\"@type\":\"Article\",\"@id\":\"https:\/\/luxmusicae.com\/sv\/katarinas-gaffels-fard-till-sjundea\/#article\",\"isPartOf\":{\"@id\":\"https:\/\/luxmusicae.com\/sv\/katarinas-gaffels-fard-till-sjundea\/\"},\"author\":{\"name\":\"Arja Alho\",\"@id\":\"https:\/\/luxmusicae.com\/#\/schema\/person\/3d48cb62b1d54d72d79d0cd493f18d90\"},\"headline\":\"Katarinas gaffels f\u00e4rd till Sjunde\u00e5\",\"datePublished\":\"2024-09-30T07:39:11+00:00\",\"dateModified\":\"2024-09-30T07:39:14+00:00\",\"mainEntityOfPage\":{\"@id\":\"https:\/\/luxmusicae.com\/sv\/katarinas-gaffels-fard-till-sjundea\/\"},\"wordCount\":140,\"publisher\":{\"@id\":\"https:\/\/luxmusicae.com\/#organization\"},\"articleSection\":[\"Uutiset-Nyheter-News\"],\"inLanguage\":\"sv-SE\"},{\"@type\":\"WebPage\",\"@id\":\"https:\/\/luxmusicae.com\/sv\/katarinas-gaffels-fard-till-sjundea\/\",\"url\":\"https:\/\/luxmusicae.com\/sv\/katarinas-gaffels-fard-till-sjundea\/\",\"name\":\"Lux Musicae 13.-15.11.2026 - Katarinas gaffels f\u00e4rd till Sjunde\u00e5\",\"isPartOf\":{\"@id\":\"https:\/\/luxmusicae.com\/#website\"},\"datePublished\":\"2024-09-30T07:39:11+00:00\",\"dateModified\":\"2024-09-30T07:39:14+00:00\",\"breadcrumb\":{\"@id\":\"https:\/\/luxmusicae.com\/sv\/katarinas-gaffels-fard-till-sjundea\/#breadcrumb\"},\"inLanguage\":\"sv-SE\",\"potentialAction\":[{\"@type\":\"ReadAction\",\"target\":[\"https:\/\/luxmusicae.com\/sv\/katarinas-gaffels-fard-till-sjundea\/\"]}]},{\"@type\":\"BreadcrumbList\",\"@id\":\"https:\/\/luxmusicae.com\/sv\/katarinas-gaffels-fard-till-sjundea\/#breadcrumb\",\"itemListElement\":[{\"@type\":\"ListItem\",\"position\":1,\"name\":\"Etusivu\",\"item\":\"https:\/\/luxmusicae.com\/\"},{\"@type\":\"ListItem\",\"position\":2,\"name\":\"Katarinas gaffels f\u00e4rd till Sjunde\u00e5\"}]},{\"@type\":\"WebSite\",\"@id\":\"https:\/\/luxmusicae.com\/#website\",\"url\":\"https:\/\/luxmusicae.com\/\",\"name\":\"Lux Musicae 13.-15.11.2026\",\"description\":\"Musiikkifestivaali Siuntiossa joka vuoden marraskuussa! - Musikfestival i Sjunde\u00e5. Varje \u00e5r i November! - Music Festival of Siuntio. Every year in november!\",\"publisher\":{\"@id\":\"https:\/\/luxmusicae.com\/#organization\"},\"potentialAction\":[{\"@type\":\"SearchAction\",\"target\":{\"@type\":\"EntryPoint\",\"urlTemplate\":\"https:\/\/luxmusicae.com\/?s={search_term_string}\"},\"query-input\":{\"@type\":\"PropertyValueSpecification\",\"valueRequired\":true,\"valueName\":\"search_term_string\"}}],\"inLanguage\":\"sv-SE\"},{\"@type\":\"Organization\",\"@id\":\"https:\/\/luxmusicae.com\/#organization\",\"name\":\"Lux Musicae 13.-15.11.2026\",\"url\":\"https:\/\/luxmusicae.com\/\",\"logo\":{\"@type\":\"ImageObject\",\"inLanguage\":\"sv-SE\",\"@id\":\"https:\/\/luxmusicae.com\/#\/schema\/logo\/image\/\",\"url\":\"https:\/\/i0.wp.com\/luxmusicae.com\/wp-content\/uploads\/2024\/07\/cropped-LuxMusicae2024_www_LOGO.png?fit=100%2C100&ssl=1\",\"contentUrl\":\"https:\/\/i0.wp.com\/luxmusicae.com\/wp-content\/uploads\/2024\/07\/cropped-LuxMusicae2024_www_LOGO.png?fit=100%2C100&ssl=1\",\"width\":100,\"height\":100,\"caption\":\"Lux Musicae 13.-15.11.2026\"},\"image\":{\"@id\":\"https:\/\/luxmusicae.com\/#\/schema\/logo\/image\/\"}},{\"@type\":\"Person\",\"@id\":\"https:\/\/luxmusicae.com\/#\/schema\/person\/3d48cb62b1d54d72d79d0cd493f18d90\",\"name\":\"Arja Alho\",\"image\":{\"@type\":\"ImageObject\",\"inLanguage\":\"sv-SE\",\"@id\":\"https:\/\/luxmusicae.com\/#\/schema\/person\/image\/\",\"url\":\"https:\/\/secure.gravatar.com\/avatar\/8df9dc05ccacfbda777f02322c989ed29b67de9bb6cc82cfaf7bdb5b4aa4d299?s=96&d=blank&r=g\",\"contentUrl\":\"https:\/\/secure.gravatar.com\/avatar\/8df9dc05ccacfbda777f02322c989ed29b67de9bb6cc82cfaf7bdb5b4aa4d299?s=96&d=blank&r=g\",\"caption\":\"Arja Alho\"},\"url\":\"https:\/\/luxmusicae.com\/sv\/author\/arja\/\"}]}<\/script>\n<!-- \/ Yoast SEO plugin. -->","yoast_head_json":{"title":"Lux Musicae 13.-15.11.2026 - Katarinas gaffels f\u00e4rd till Sjunde\u00e5","robots":{"index":"index","follow":"follow","max-snippet":"max-snippet:-1","max-image-preview":"max-image-preview:large","max-video-preview":"max-video-preview:-1"},"canonical":"https:\/\/luxmusicae.com\/sv\/katarinas-gaffels-fard-till-sjundea\/","og_locale":"sv_SE","og_type":"article","og_title":"Lux Musicae 13.-15.11.2026 - Katarinas gaffels f\u00e4rd till Sjunde\u00e5","og_description":"F\u00f6r Lux Musicae-festivalen \u00e4r lokal f\u00f6rankring viktig. Likas\u00e5 utbudet f\u00f6r barn och ungdomar samt musikundervisning. Denna g\u00e5ng g\u00f6r sj\u00e4tteklassarna fr\u00e5n Sjunde\u00e5 en utflykt till \u00c5bo slott den 4 oktober. De bekantar sig med Katarina Jagellonicas och hertig Johans livshistoria samt samtidigt med Sjunde\u00e5s historia. Paret hade n\u00e4mligen en br\u00f6llopsresa fr\u00e5n Tallinn till \u00c5bo, som slutade [&hellip;]","og_url":"https:\/\/luxmusicae.com\/sv\/katarinas-gaffels-fard-till-sjundea\/","og_site_name":"Lux Musicae 13.-15.11.2026","article_published_time":"2024-09-30T07:39:11+00:00","article_modified_time":"2024-09-30T07:39:14+00:00","og_image":[{"width":2400,"height":1600,"url":"https:\/\/i0.wp.com\/luxmusicae.com\/wp-content\/uploads\/2025\/07\/LuxMusicae2025_www_HEADER_KORJ.png?fit=2400%2C1600&ssl=1","type":"image\/png"}],"author":"Arja Alho","twitter_card":"summary_large_image","twitter_misc":{"Skriven av":"Arja Alho","Ber\u00e4knad l\u00e4stid":"1 minut"},"schema":{"@context":"https:\/\/schema.org","@graph":[{"@type":"Article","@id":"https:\/\/luxmusicae.com\/sv\/katarinas-gaffels-fard-till-sjundea\/#article","isPartOf":{"@id":"https:\/\/luxmusicae.com\/sv\/katarinas-gaffels-fard-till-sjundea\/"},"author":{"name":"Arja Alho","@id":"https:\/\/luxmusicae.com\/#\/schema\/person\/3d48cb62b1d54d72d79d0cd493f18d90"},"headline":"Katarinas gaffels f\u00e4rd till Sjunde\u00e5","datePublished":"2024-09-30T07:39:11+00:00","dateModified":"2024-09-30T07:39:14+00:00","mainEntityOfPage":{"@id":"https:\/\/luxmusicae.com\/sv\/katarinas-gaffels-fard-till-sjundea\/"},"wordCount":140,"publisher":{"@id":"https:\/\/luxmusicae.com\/#organization"},"articleSection":["Uutiset-Nyheter-News"],"inLanguage":"sv-SE"},{"@type":"WebPage","@id":"https:\/\/luxmusicae.com\/sv\/katarinas-gaffels-fard-till-sjundea\/","url":"https:\/\/luxmusicae.com\/sv\/katarinas-gaffels-fard-till-sjundea\/","name":"Lux Musicae 13.-15.11.2026 - Katarinas gaffels f\u00e4rd till Sjunde\u00e5","isPartOf":{"@id":"https:\/\/luxmusicae.com\/#website"},"datePublished":"2024-09-30T07:39:11+00:00","dateModified":"2024-09-30T07:39:14+00:00","breadcrumb":{"@id":"https:\/\/luxmusicae.com\/sv\/katarinas-gaffels-fard-till-sjundea\/#breadcrumb"},"inLanguage":"sv-SE","potentialAction":[{"@type":"ReadAction","target":["https:\/\/luxmusicae.com\/sv\/katarinas-gaffels-fard-till-sjundea\/"]}]},{"@type":"BreadcrumbList","@id":"https:\/\/luxmusicae.com\/sv\/katarinas-gaffels-fard-till-sjundea\/#breadcrumb","itemListElement":[{"@type":"ListItem","position":1,"name":"Etusivu","item":"https:\/\/luxmusicae.com\/"},{"@type":"ListItem","position":2,"name":"Katarinas gaffels f\u00e4rd till Sjunde\u00e5"}]},{"@type":"WebSite","@id":"https:\/\/luxmusicae.com\/#website","url":"https:\/\/luxmusicae.com\/","name":"Lux Musicae 13.-15.11.2026","description":"Musiikkifestivaali Siuntiossa joka vuoden marraskuussa! - Musikfestival i Sjunde\u00e5. Varje \u00e5r i November! - Music Festival of Siuntio. Every year in november!","publisher":{"@id":"https:\/\/luxmusicae.com\/#organization"},"potentialAction":[{"@type":"SearchAction","target":{"@type":"EntryPoint","urlTemplate":"https:\/\/luxmusicae.com\/?s={search_term_string}"},"query-input":{"@type":"PropertyValueSpecification","valueRequired":true,"valueName":"search_term_string"}}],"inLanguage":"sv-SE"},{"@type":"Organization","@id":"https:\/\/luxmusicae.com\/#organization","name":"Lux Musicae 13.-15.11.2026","url":"https:\/\/luxmusicae.com\/","logo":{"@type":"ImageObject","inLanguage":"sv-SE","@id":"https:\/\/luxmusicae.com\/#\/schema\/logo\/image\/","url":"https:\/\/i0.wp.com\/luxmusicae.com\/wp-content\/uploads\/2024\/07\/cropped-LuxMusicae2024_www_LOGO.png?fit=100%2C100&ssl=1","contentUrl":"https:\/\/i0.wp.com\/luxmusicae.com\/wp-content\/uploads\/2024\/07\/cropped-LuxMusicae2024_www_LOGO.png?fit=100%2C100&ssl=1","width":100,"height":100,"caption":"Lux Musicae 13.-15.11.2026"},"image":{"@id":"https:\/\/luxmusicae.com\/#\/schema\/logo\/image\/"}},{"@type":"Person","@id":"https:\/\/luxmusicae.com\/#\/schema\/person\/3d48cb62b1d54d72d79d0cd493f18d90","name":"Arja Alho","image":{"@type":"ImageObject","inLanguage":"sv-SE","@id":"https:\/\/luxmusicae.com\/#\/schema\/person\/image\/","url":"https:\/\/secure.gravatar.com\/avatar\/8df9dc05ccacfbda777f02322c989ed29b67de9bb6cc82cfaf7bdb5b4aa4d299?s=96&d=blank&r=g","contentUrl":"https:\/\/secure.gravatar.com\/avatar\/8df9dc05ccacfbda777f02322c989ed29b67de9bb6cc82cfaf7bdb5b4aa4d299?s=96&d=blank&r=g","caption":"Arja Alho"},"url":"https:\/\/luxmusicae.com\/sv\/author\/arja\/"}]}},"jetpack_featured_media_url":"","uagb_featured_image_src":{"full":false,"thumbnail":false,"medium":false,"medium_large":false,"large":false,"1536x1536":false,"2048x2048":false,"ect-jetpack-portfolio-featured":false,"ect-featured-content":false,"jetpack-portfolio-admin-thumb":false,"featured-content-admin-thumb":false},"uagb_author_info":{"display_name":"Arja Alho","author_link":"https:\/\/luxmusicae.com\/sv\/author\/arja\/"},"uagb_comment_info":0,"uagb_excerpt":"F\u00f6r Lux Musicae-festivalen \u00e4r lokal f\u00f6rankring viktig. Likas\u00e5 utbudet f\u00f6r barn och ungdomar samt musikundervisning. Denna g\u00e5ng g\u00f6r sj\u00e4tteklassarna fr\u00e5n Sjunde\u00e5 en utflykt till \u00c5bo slott den 4 oktober. De bekantar sig med Katarina Jagellonicas och hertig Johans livshistoria samt samtidigt med Sjunde\u00e5s historia. Paret hade n\u00e4mligen en br\u00f6llopsresa fr\u00e5n Tallinn till \u00c5bo, som slutade&hellip;","jetpack_shortlink":"https:\/\/wp.me\/p968cz-1tX","jetpack_sharing_enabled":true,"_links":{"self":[{"href":"https:\/\/luxmusicae.com\/sv\/wp-json\/wp\/v2\/posts\/5701","targetHints":{"allow":["GET"]}}],"collection":[{"href":"https:\/\/luxmusicae.com\/sv\/wp-json\/wp\/v2\/posts"}],"about":[{"href":"https:\/\/luxmusicae.com\/sv\/wp-json\/wp\/v2\/types\/post"}],"author":[{"embeddable":true,"href":"https:\/\/luxmusicae.com\/sv\/wp-json\/wp\/v2\/users\/3"}],"replies":[{"embeddable":true,"href":"https:\/\/luxmusicae.com\/sv\/wp-json\/wp\/v2\/comments?post=5701"}],"version-history":[{"count":1,"href":"https:\/\/luxmusicae.com\/sv\/wp-json\/wp\/v2\/posts\/5701\/revisions"}],"predecessor-version":[{"id":5702,"href":"https:\/\/luxmusicae.com\/sv\/wp-json\/wp\/v2\/posts\/5701\/revisions\/5702"}],"wp:attachment":[{"href":"https:\/\/luxmusicae.com\/sv\/wp-json\/wp\/v2\/media?parent=5701"}],"wp:term":[{"taxonomy":"category","embeddable":true,"href":"https:\/\/luxmusicae.com\/sv\/wp-json\/wp\/v2\/categories?post=5701"},{"taxonomy":"post_tag","embeddable":true,"href":"https:\/\/luxmusicae.com\/sv\/wp-json\/wp\/v2\/tags?post=5701"}],"curies":[{"name":"wp","href":"https:\/\/api.w.org\/{rel}","templated":true}]}}