{"id":5431,"date":"2024-08-28T14:35:39","date_gmt":"2024-08-28T11:35:39","guid":{"rendered":"https:\/\/luxmusicae.com\/?p=5431"},"modified":"2025-04-15T10:42:52","modified_gmt":"2025-04-15T07:42:52","slug":"lux-musicae-25-ar-varav-hjartat-ar-fullt","status":"publish","type":"post","link":"https:\/\/luxmusicae.com\/sv\/lux-musicae-25-ar-varav-hjartat-ar-fullt\/","title":{"rendered":"Lux Musicae 25 \u00e5r: Ur djupet av mitt hj\u00e4rta"},"content":{"rendered":"\n<p>Lux Musicae firar 25-\u00e5rsjubileum. Ur den musikaliska brudkistan \u00f6ser programmet n\u00e5got nytt, n\u00e5got gammalt, n\u00e5got l\u00e5nat och n\u00e5got bl\u00e5tt. Jubileums\u00e5rets uruppf\u00f6randen av Kimmo Hakola och Maleena Linjama \u00e4r tonkonstens l\u00e4nkar till framtiden. S\u00e5som seden bjuder \u00e4r Lux Musicae med och skapar n\u00e5got nytt.<\/p>\n\n\n\n<p>Sjunde\u00e5 finska f\u00f6rsamlings kantor-organist Pami Karvonen och d\u00e5varande kyrkoherden Ismo Turunen grundade en f\u00f6rening som sedermera blev Siuntio Soi \u2013 Musik i Sjunde\u00e5.<\/p>\n\n\n\n<p>Karvonen ber\u00e4ttar hur han i b\u00f6rjan som vikarie f\u00f6r kantorn samtidigt studerade musikterapi: \u201dSjunde\u00e5 kyrka, musikterapi och min egen novembermelankoli byggde d\u00e4r en grund f\u00f6r tanken om en fest f\u00f6r musik och ljus.\u201d<\/p>\n\n\n\n<p>N\u00e4r festivalen byggdes upp var en stor frivilligk\u00e5r med fr\u00e5n b\u00f6rjan. Lions Clubs stockfacklor t\u00e4ndes den f\u00f6rsta g\u00e5ngen f\u00f6r tjugofem \u00e5r sedan och har brunnit varje \u00e5r sedan dess.<\/p>\n\n\n\n<p>Redan den f\u00f6rsta festivalen var konstn\u00e4rligt och ekonomiskt mycket framg\u00e5ngsrik.<\/p>\n\n\n\n<p>Ismo Turunen har tv\u00e5 personliga k\u00e4nslominnen: \u201dJag minns hur en str\u00e5kkvartett spelade s\u00e5 att det st\u00e4llvis k\u00e4ndes som en v\u00e4lsignad fysisk vibration i ryggraden. Var det fr\u00e5ga om klangens renhet, var det musikens of\u00f6rklarliga absoluta sk\u00f6nhet?\u201d Och \u201dMertsi Lindfors (en av f\u00f6reningens grundare) kom p\u00e5 bes\u00f6k efter att ha flyttat fr\u00e5n orten. Han konstaterade ungef\u00e4r att \u201ddet k\u00e4nns s\u00e5 tryggt att bes\u00f6ka Lux n\u00e4r man s\u00e5som tidigare m\u00f6ts vid d\u00f6rren av en kyrkoherde som ser bekymrad ut.\u201d\u201d<\/p>\n\n\n\n<p>Den tjugofemte festivalen f\u00f6renar \u00e5terigen musiken och ljuset, det gamla och det nya, det allm\u00e4nna och det lokala. Fr\u00e5n hj\u00e4rtats djup framf\u00f6rs verk som har inspirerats av k\u00e4rleken till en annan m\u00e4nniska, en viktig v\u00e4n, ett barn, naturen och livet sj\u00e4lvt med alla dess sidor. I de olika konserterna \u00f6ppnas p\u00e5 ett fint s\u00e4tt tanken bakom Lux Musicae. Det blir en harmonisk helhet: omaggio \u2013 en hyllning!<\/p>\n","protected":false},"excerpt":{"rendered":"<p>Lux Musicae firar 25-\u00e5rsjubileum. Ur den musikaliska brudkistan \u00f6ser programmet n\u00e5got nytt, n\u00e5got gammalt, n\u00e5got l\u00e5nat och n\u00e5got bl\u00e5tt. Jubileums\u00e5rets uruppf\u00f6randen av Kimmo Hakola och Maleena Linjama \u00e4r tonkonstens l\u00e4nkar till framtiden. S\u00e5som seden bjuder \u00e4r Lux Musicae med och skapar n\u00e5got nytt. Sjunde\u00e5 finska f\u00f6rsamlings kantor-organist Pami Karvonen och d\u00e5varande kyrkoherden Ismo Turunen grundade [&hellip;]<\/p>\n","protected":false},"author":1,"featured_media":0,"comment_status":"closed","ping_status":"open","sticky":false,"template":"","format":"standard","meta":{"_uag_custom_page_level_css":"","jetpack_post_was_ever_published":false,"_jetpack_newsletter_access":"","_jetpack_dont_email_post_to_subs":false,"_jetpack_newsletter_tier_id":0,"_jetpack_memberships_contains_paywalled_content":false,"_jetpack_memberships_contains_paid_content":false,"footnotes":""},"categories":[26],"tags":[],"class_list":["post-5431","post","type-post","status-publish","format-standard","hentry","category-uutiset-nyheter-news-sv"],"yoast_head":"<!-- This site is optimized with the Yoast SEO plugin v26.8 - https:\/\/yoast.com\/product\/yoast-seo-wordpress\/ -->\n<title>Lux Musicae 13.-15.11.2026 - Lux Musicae 25 \u00e5r: Ur djupet av mitt hj\u00e4rta<\/title>\n<meta name=\"robots\" content=\"index, follow, max-snippet:-1, max-image-preview:large, max-video-preview:-1\" \/>\n<link rel=\"canonical\" href=\"https:\/\/luxmusicae.com\/sv\/lux-musicae-25-ar-varav-hjartat-ar-fullt\/\" \/>\n<meta property=\"og:locale\" content=\"sv_SE\" \/>\n<meta property=\"og:type\" content=\"article\" \/>\n<meta property=\"og:title\" content=\"Lux Musicae 13.-15.11.2026 - Lux Musicae 25 \u00e5r: Ur djupet av mitt hj\u00e4rta\" \/>\n<meta property=\"og:description\" content=\"Lux Musicae firar 25-\u00e5rsjubileum. Ur den musikaliska brudkistan \u00f6ser programmet n\u00e5got nytt, n\u00e5got gammalt, n\u00e5got l\u00e5nat och n\u00e5got bl\u00e5tt. Jubileums\u00e5rets uruppf\u00f6randen av Kimmo Hakola och Maleena Linjama \u00e4r tonkonstens l\u00e4nkar till framtiden. S\u00e5som seden bjuder \u00e4r Lux Musicae med och skapar n\u00e5got nytt. Sjunde\u00e5 finska f\u00f6rsamlings kantor-organist Pami Karvonen och d\u00e5varande kyrkoherden Ismo Turunen grundade [&hellip;]\" \/>\n<meta property=\"og:url\" content=\"https:\/\/luxmusicae.com\/sv\/lux-musicae-25-ar-varav-hjartat-ar-fullt\/\" \/>\n<meta property=\"og:site_name\" content=\"Lux Musicae 13.-15.11.2026\" \/>\n<meta property=\"article:published_time\" content=\"2024-08-28T11:35:39+00:00\" \/>\n<meta property=\"article:modified_time\" content=\"2025-04-15T07:42:52+00:00\" \/>\n<meta property=\"og:image\" content=\"https:\/\/i0.wp.com\/luxmusicae.com\/wp-content\/uploads\/2025\/07\/LuxMusicae2025_www_HEADER_KORJ.png?fit=2400%2C1600&ssl=1\" \/>\n\t<meta property=\"og:image:width\" content=\"2400\" \/>\n\t<meta property=\"og:image:height\" content=\"1600\" \/>\n\t<meta property=\"og:image:type\" content=\"image\/png\" \/>\n<meta name=\"author\" content=\"Lux Musicae Admin\" \/>\n<meta name=\"twitter:card\" content=\"summary_large_image\" \/>\n<meta name=\"twitter:label1\" content=\"Skriven av\" \/>\n\t<meta name=\"twitter:data1\" content=\"Lux Musicae Admin\" \/>\n\t<meta name=\"twitter:label2\" content=\"Ber\u00e4knad l\u00e4stid\" \/>\n\t<meta name=\"twitter:data2\" content=\"2 minuter\" \/>\n<script type=\"application\/ld+json\" class=\"yoast-schema-graph\">{\"@context\":\"https:\/\/schema.org\",\"@graph\":[{\"@type\":\"Article\",\"@id\":\"https:\/\/luxmusicae.com\/sv\/lux-musicae-25-ar-varav-hjartat-ar-fullt\/#article\",\"isPartOf\":{\"@id\":\"https:\/\/luxmusicae.com\/sv\/lux-musicae-25-ar-varav-hjartat-ar-fullt\/\"},\"author\":{\"name\":\"Lux Musicae Admin\",\"@id\":\"https:\/\/luxmusicae.com\/#\/schema\/person\/2e306180164e8f0b68e36dd620c3a988\"},\"headline\":\"Lux Musicae 25 \u00e5r: Ur djupet av mitt hj\u00e4rta\",\"datePublished\":\"2024-08-28T11:35:39+00:00\",\"dateModified\":\"2025-04-15T07:42:52+00:00\",\"mainEntityOfPage\":{\"@id\":\"https:\/\/luxmusicae.com\/sv\/lux-musicae-25-ar-varav-hjartat-ar-fullt\/\"},\"wordCount\":349,\"publisher\":{\"@id\":\"https:\/\/luxmusicae.com\/#organization\"},\"articleSection\":[\"Uutiset-Nyheter-News\"],\"inLanguage\":\"sv-SE\"},{\"@type\":\"WebPage\",\"@id\":\"https:\/\/luxmusicae.com\/sv\/lux-musicae-25-ar-varav-hjartat-ar-fullt\/\",\"url\":\"https:\/\/luxmusicae.com\/sv\/lux-musicae-25-ar-varav-hjartat-ar-fullt\/\",\"name\":\"Lux Musicae 13.-15.11.2026 - Lux Musicae 25 \u00e5r: Ur djupet av mitt hj\u00e4rta\",\"isPartOf\":{\"@id\":\"https:\/\/luxmusicae.com\/#website\"},\"datePublished\":\"2024-08-28T11:35:39+00:00\",\"dateModified\":\"2025-04-15T07:42:52+00:00\",\"breadcrumb\":{\"@id\":\"https:\/\/luxmusicae.com\/sv\/lux-musicae-25-ar-varav-hjartat-ar-fullt\/#breadcrumb\"},\"inLanguage\":\"sv-SE\",\"potentialAction\":[{\"@type\":\"ReadAction\",\"target\":[\"https:\/\/luxmusicae.com\/sv\/lux-musicae-25-ar-varav-hjartat-ar-fullt\/\"]}]},{\"@type\":\"BreadcrumbList\",\"@id\":\"https:\/\/luxmusicae.com\/sv\/lux-musicae-25-ar-varav-hjartat-ar-fullt\/#breadcrumb\",\"itemListElement\":[{\"@type\":\"ListItem\",\"position\":1,\"name\":\"Etusivu\",\"item\":\"https:\/\/luxmusicae.com\/\"},{\"@type\":\"ListItem\",\"position\":2,\"name\":\"Lux Musicae 25 \u00e5r: Ur djupet av mitt hj\u00e4rta\"}]},{\"@type\":\"WebSite\",\"@id\":\"https:\/\/luxmusicae.com\/#website\",\"url\":\"https:\/\/luxmusicae.com\/\",\"name\":\"Lux Musicae 13.-15.11.2026\",\"description\":\"Musiikkifestivaali Siuntiossa joka vuoden marraskuussa! - Musikfestival i Sjunde\u00e5. Varje \u00e5r i November! - Music Festival of Siuntio. Every year in november!\",\"publisher\":{\"@id\":\"https:\/\/luxmusicae.com\/#organization\"},\"potentialAction\":[{\"@type\":\"SearchAction\",\"target\":{\"@type\":\"EntryPoint\",\"urlTemplate\":\"https:\/\/luxmusicae.com\/?s={search_term_string}\"},\"query-input\":{\"@type\":\"PropertyValueSpecification\",\"valueRequired\":true,\"valueName\":\"search_term_string\"}}],\"inLanguage\":\"sv-SE\"},{\"@type\":\"Organization\",\"@id\":\"https:\/\/luxmusicae.com\/#organization\",\"name\":\"Lux Musicae 13.-15.11.2026\",\"url\":\"https:\/\/luxmusicae.com\/\",\"logo\":{\"@type\":\"ImageObject\",\"inLanguage\":\"sv-SE\",\"@id\":\"https:\/\/luxmusicae.com\/#\/schema\/logo\/image\/\",\"url\":\"https:\/\/i0.wp.com\/luxmusicae.com\/wp-content\/uploads\/2024\/07\/cropped-LuxMusicae2024_www_LOGO.png?fit=100%2C100&ssl=1\",\"contentUrl\":\"https:\/\/i0.wp.com\/luxmusicae.com\/wp-content\/uploads\/2024\/07\/cropped-LuxMusicae2024_www_LOGO.png?fit=100%2C100&ssl=1\",\"width\":100,\"height\":100,\"caption\":\"Lux Musicae 13.-15.11.2026\"},\"image\":{\"@id\":\"https:\/\/luxmusicae.com\/#\/schema\/logo\/image\/\"}},{\"@type\":\"Person\",\"@id\":\"https:\/\/luxmusicae.com\/#\/schema\/person\/2e306180164e8f0b68e36dd620c3a988\",\"name\":\"Lux Musicae Admin\",\"image\":{\"@type\":\"ImageObject\",\"inLanguage\":\"sv-SE\",\"@id\":\"https:\/\/luxmusicae.com\/#\/schema\/person\/image\/\",\"url\":\"https:\/\/secure.gravatar.com\/avatar\/3a5f60d46d75af6d850221b7c3e0a78d9d8a94505f4275939d6817aee1e9b87b?s=96&d=blank&r=g\",\"contentUrl\":\"https:\/\/secure.gravatar.com\/avatar\/3a5f60d46d75af6d850221b7c3e0a78d9d8a94505f4275939d6817aee1e9b87b?s=96&d=blank&r=g\",\"caption\":\"Lux Musicae Admin\"},\"url\":\"https:\/\/luxmusicae.com\/sv\/author\/admin\/\"}]}<\/script>\n<!-- \/ Yoast SEO plugin. -->","yoast_head_json":{"title":"Lux Musicae 13.-15.11.2026 - Lux Musicae 25 \u00e5r: Ur djupet av mitt hj\u00e4rta","robots":{"index":"index","follow":"follow","max-snippet":"max-snippet:-1","max-image-preview":"max-image-preview:large","max-video-preview":"max-video-preview:-1"},"canonical":"https:\/\/luxmusicae.com\/sv\/lux-musicae-25-ar-varav-hjartat-ar-fullt\/","og_locale":"sv_SE","og_type":"article","og_title":"Lux Musicae 13.-15.11.2026 - Lux Musicae 25 \u00e5r: Ur djupet av mitt hj\u00e4rta","og_description":"Lux Musicae firar 25-\u00e5rsjubileum. Ur den musikaliska brudkistan \u00f6ser programmet n\u00e5got nytt, n\u00e5got gammalt, n\u00e5got l\u00e5nat och n\u00e5got bl\u00e5tt. Jubileums\u00e5rets uruppf\u00f6randen av Kimmo Hakola och Maleena Linjama \u00e4r tonkonstens l\u00e4nkar till framtiden. S\u00e5som seden bjuder \u00e4r Lux Musicae med och skapar n\u00e5got nytt. Sjunde\u00e5 finska f\u00f6rsamlings kantor-organist Pami Karvonen och d\u00e5varande kyrkoherden Ismo Turunen grundade [&hellip;]","og_url":"https:\/\/luxmusicae.com\/sv\/lux-musicae-25-ar-varav-hjartat-ar-fullt\/","og_site_name":"Lux Musicae 13.-15.11.2026","article_published_time":"2024-08-28T11:35:39+00:00","article_modified_time":"2025-04-15T07:42:52+00:00","og_image":[{"width":2400,"height":1600,"url":"https:\/\/i0.wp.com\/luxmusicae.com\/wp-content\/uploads\/2025\/07\/LuxMusicae2025_www_HEADER_KORJ.png?fit=2400%2C1600&ssl=1","type":"image\/png"}],"author":"Lux Musicae Admin","twitter_card":"summary_large_image","twitter_misc":{"Skriven av":"Lux Musicae Admin","Ber\u00e4knad l\u00e4stid":"2 minuter"},"schema":{"@context":"https:\/\/schema.org","@graph":[{"@type":"Article","@id":"https:\/\/luxmusicae.com\/sv\/lux-musicae-25-ar-varav-hjartat-ar-fullt\/#article","isPartOf":{"@id":"https:\/\/luxmusicae.com\/sv\/lux-musicae-25-ar-varav-hjartat-ar-fullt\/"},"author":{"name":"Lux Musicae Admin","@id":"https:\/\/luxmusicae.com\/#\/schema\/person\/2e306180164e8f0b68e36dd620c3a988"},"headline":"Lux Musicae 25 \u00e5r: Ur djupet av mitt hj\u00e4rta","datePublished":"2024-08-28T11:35:39+00:00","dateModified":"2025-04-15T07:42:52+00:00","mainEntityOfPage":{"@id":"https:\/\/luxmusicae.com\/sv\/lux-musicae-25-ar-varav-hjartat-ar-fullt\/"},"wordCount":349,"publisher":{"@id":"https:\/\/luxmusicae.com\/#organization"},"articleSection":["Uutiset-Nyheter-News"],"inLanguage":"sv-SE"},{"@type":"WebPage","@id":"https:\/\/luxmusicae.com\/sv\/lux-musicae-25-ar-varav-hjartat-ar-fullt\/","url":"https:\/\/luxmusicae.com\/sv\/lux-musicae-25-ar-varav-hjartat-ar-fullt\/","name":"Lux Musicae 13.-15.11.2026 - Lux Musicae 25 \u00e5r: Ur djupet av mitt hj\u00e4rta","isPartOf":{"@id":"https:\/\/luxmusicae.com\/#website"},"datePublished":"2024-08-28T11:35:39+00:00","dateModified":"2025-04-15T07:42:52+00:00","breadcrumb":{"@id":"https:\/\/luxmusicae.com\/sv\/lux-musicae-25-ar-varav-hjartat-ar-fullt\/#breadcrumb"},"inLanguage":"sv-SE","potentialAction":[{"@type":"ReadAction","target":["https:\/\/luxmusicae.com\/sv\/lux-musicae-25-ar-varav-hjartat-ar-fullt\/"]}]},{"@type":"BreadcrumbList","@id":"https:\/\/luxmusicae.com\/sv\/lux-musicae-25-ar-varav-hjartat-ar-fullt\/#breadcrumb","itemListElement":[{"@type":"ListItem","position":1,"name":"Etusivu","item":"https:\/\/luxmusicae.com\/"},{"@type":"ListItem","position":2,"name":"Lux Musicae 25 \u00e5r: Ur djupet av mitt hj\u00e4rta"}]},{"@type":"WebSite","@id":"https:\/\/luxmusicae.com\/#website","url":"https:\/\/luxmusicae.com\/","name":"Lux Musicae 13.-15.11.2026","description":"Musiikkifestivaali Siuntiossa joka vuoden marraskuussa! - Musikfestival i Sjunde\u00e5. Varje \u00e5r i November! - Music Festival of Siuntio. Every year in november!","publisher":{"@id":"https:\/\/luxmusicae.com\/#organization"},"potentialAction":[{"@type":"SearchAction","target":{"@type":"EntryPoint","urlTemplate":"https:\/\/luxmusicae.com\/?s={search_term_string}"},"query-input":{"@type":"PropertyValueSpecification","valueRequired":true,"valueName":"search_term_string"}}],"inLanguage":"sv-SE"},{"@type":"Organization","@id":"https:\/\/luxmusicae.com\/#organization","name":"Lux Musicae 13.-15.11.2026","url":"https:\/\/luxmusicae.com\/","logo":{"@type":"ImageObject","inLanguage":"sv-SE","@id":"https:\/\/luxmusicae.com\/#\/schema\/logo\/image\/","url":"https:\/\/i0.wp.com\/luxmusicae.com\/wp-content\/uploads\/2024\/07\/cropped-LuxMusicae2024_www_LOGO.png?fit=100%2C100&ssl=1","contentUrl":"https:\/\/i0.wp.com\/luxmusicae.com\/wp-content\/uploads\/2024\/07\/cropped-LuxMusicae2024_www_LOGO.png?fit=100%2C100&ssl=1","width":100,"height":100,"caption":"Lux Musicae 13.-15.11.2026"},"image":{"@id":"https:\/\/luxmusicae.com\/#\/schema\/logo\/image\/"}},{"@type":"Person","@id":"https:\/\/luxmusicae.com\/#\/schema\/person\/2e306180164e8f0b68e36dd620c3a988","name":"Lux Musicae Admin","image":{"@type":"ImageObject","inLanguage":"sv-SE","@id":"https:\/\/luxmusicae.com\/#\/schema\/person\/image\/","url":"https:\/\/secure.gravatar.com\/avatar\/3a5f60d46d75af6d850221b7c3e0a78d9d8a94505f4275939d6817aee1e9b87b?s=96&d=blank&r=g","contentUrl":"https:\/\/secure.gravatar.com\/avatar\/3a5f60d46d75af6d850221b7c3e0a78d9d8a94505f4275939d6817aee1e9b87b?s=96&d=blank&r=g","caption":"Lux Musicae Admin"},"url":"https:\/\/luxmusicae.com\/sv\/author\/admin\/"}]}},"jetpack_featured_media_url":"","uagb_featured_image_src":{"full":false,"thumbnail":false,"medium":false,"medium_large":false,"large":false,"1536x1536":false,"2048x2048":false,"ect-jetpack-portfolio-featured":false,"ect-featured-content":false,"jetpack-portfolio-admin-thumb":false,"featured-content-admin-thumb":false},"uagb_author_info":{"display_name":"Lux Musicae Admin","author_link":"https:\/\/luxmusicae.com\/sv\/author\/admin\/"},"uagb_comment_info":0,"uagb_excerpt":"Lux Musicae firar 25-\u00e5rsjubileum. Ur den musikaliska brudkistan \u00f6ser programmet n\u00e5got nytt, n\u00e5got gammalt, n\u00e5got l\u00e5nat och n\u00e5got bl\u00e5tt. Jubileums\u00e5rets uruppf\u00f6randen av Kimmo Hakola och Maleena Linjama \u00e4r tonkonstens l\u00e4nkar till framtiden. S\u00e5som seden bjuder \u00e4r Lux Musicae med och skapar n\u00e5got nytt. Sjunde\u00e5 finska f\u00f6rsamlings kantor-organist Pami Karvonen och d\u00e5varande kyrkoherden Ismo Turunen grundade&hellip;","jetpack_shortlink":"https:\/\/wp.me\/p968cz-1pB","jetpack_sharing_enabled":true,"_links":{"self":[{"href":"https:\/\/luxmusicae.com\/sv\/wp-json\/wp\/v2\/posts\/5431","targetHints":{"allow":["GET"]}}],"collection":[{"href":"https:\/\/luxmusicae.com\/sv\/wp-json\/wp\/v2\/posts"}],"about":[{"href":"https:\/\/luxmusicae.com\/sv\/wp-json\/wp\/v2\/types\/post"}],"author":[{"embeddable":true,"href":"https:\/\/luxmusicae.com\/sv\/wp-json\/wp\/v2\/users\/1"}],"replies":[{"embeddable":true,"href":"https:\/\/luxmusicae.com\/sv\/wp-json\/wp\/v2\/comments?post=5431"}],"version-history":[{"count":2,"href":"https:\/\/luxmusicae.com\/sv\/wp-json\/wp\/v2\/posts\/5431\/revisions"}],"predecessor-version":[{"id":5436,"href":"https:\/\/luxmusicae.com\/sv\/wp-json\/wp\/v2\/posts\/5431\/revisions\/5436"}],"wp:attachment":[{"href":"https:\/\/luxmusicae.com\/sv\/wp-json\/wp\/v2\/media?parent=5431"}],"wp:term":[{"taxonomy":"category","embeddable":true,"href":"https:\/\/luxmusicae.com\/sv\/wp-json\/wp\/v2\/categories?post=5431"},{"taxonomy":"post_tag","embeddable":true,"href":"https:\/\/luxmusicae.com\/sv\/wp-json\/wp\/v2\/tags?post=5431"}],"curies":[{"name":"wp","href":"https:\/\/api.w.org\/{rel}","templated":true}]}}