{"id":5184,"date":"2023-11-03T09:09:13","date_gmt":"2023-11-03T07:09:13","guid":{"rendered":"https:\/\/luxmusicae.com\/?p=5184"},"modified":"2023-11-03T09:09:16","modified_gmt":"2023-11-03T07:09:16","slug":"ivar-hortling-faglar-och-sjundea-16-11-kl-18-bildningscampuset-sjundea-hjarta","status":"publish","type":"post","link":"https:\/\/luxmusicae.com\/sv\/ivar-hortling-faglar-och-sjundea-16-11-kl-18-bildningscampuset-sjundea-hjarta\/","title":{"rendered":"Ivar Hortling, f\u00e5glar och Sjunde\u00e5 16.11. kl 18 Bildningscampuset Sjunde\u00e5 hj\u00e4rta"},"content":{"rendered":"\n<p><strong>Sakari M\u00e4kel\u00e4<\/strong> har sammanst\u00e4llt med <strong>Eero Hauta-aho<\/strong> en fotoutst\u00e4llning om sjunde\u00e5f\u00e5glar. Utst\u00e4llningen fungerar som inramning till Lux Musicaefestivalens \u00f6ppning p\u00e5 torsdagen 18.11. kl 18 i Bildningscampuset Sjunde\u00e5 hj\u00e4rta.<\/p>\n\n\n\n<p><strong>Torsten Stjernberg<\/strong>, tidigare intendent p\u00e5 Naturvetenskapliga museet och numera g\u00e4stande forskare vid Helsingfors universitet, har forskat i f\u00e5glar och skrivit ett flertal artiklar om dem. Han \u00e4r ocks\u00e5 en av skribenterna bakom verket <strong>Br\u00f6derna von Wrights<\/strong> f\u00e5glar. Stjernberg \u00e4r v\u00e4l bekant med <strong>Ivar Hortlings <\/strong>produktion. Vid festival\u00f6ppningen f\u00e5r vi ta del av hans tankar om f\u00e5glar och ornitologi liksom ocks\u00e5 om betydelsen av att bevara naturens m\u00e5ngfald.<\/p>\n","protected":false},"excerpt":{"rendered":"<p>Sakari M\u00e4kel\u00e4 har sammanst\u00e4llt med Eero Hauta-aho en fotoutst\u00e4llning om sjunde\u00e5f\u00e5glar. Utst\u00e4llningen fungerar som inramning till Lux Musicaefestivalens \u00f6ppning p\u00e5 torsdagen 18.11. kl 18 i Bildningscampuset Sjunde\u00e5 hj\u00e4rta. Torsten Stjernberg, tidigare intendent p\u00e5 Naturvetenskapliga museet och numera g\u00e4stande forskare vid Helsingfors universitet, har forskat i f\u00e5glar och skrivit ett flertal artiklar om dem. Han \u00e4r [&hellip;]<\/p>\n","protected":false},"author":3,"featured_media":0,"comment_status":"closed","ping_status":"open","sticky":false,"template":"","format":"standard","meta":{"_uag_custom_page_level_css":"","jetpack_post_was_ever_published":false,"_jetpack_newsletter_access":"","_jetpack_dont_email_post_to_subs":false,"_jetpack_newsletter_tier_id":0,"_jetpack_memberships_contains_paywalled_content":false,"_jetpack_memberships_contains_paid_content":false,"footnotes":""},"categories":[26],"tags":[],"class_list":["post-5184","post","type-post","status-publish","format-standard","hentry","category-uutiset-nyheter-news-sv"],"yoast_head":"<!-- This site is optimized with the Yoast SEO plugin v26.8 - https:\/\/yoast.com\/product\/yoast-seo-wordpress\/ -->\n<title>Lux Musicae 13.-15.11.2026 - Ivar Hortling, f\u00e5glar och Sjunde\u00e5 16.11. kl 18 Bildningscampuset Sjunde\u00e5 hj\u00e4rta<\/title>\n<meta name=\"robots\" content=\"index, follow, max-snippet:-1, max-image-preview:large, max-video-preview:-1\" \/>\n<link rel=\"canonical\" href=\"https:\/\/luxmusicae.com\/sv\/ivar-hortling-faglar-och-sjundea-16-11-kl-18-bildningscampuset-sjundea-hjarta\/\" \/>\n<meta property=\"og:locale\" content=\"sv_SE\" \/>\n<meta property=\"og:type\" content=\"article\" \/>\n<meta property=\"og:title\" content=\"Lux Musicae 13.-15.11.2026 - Ivar Hortling, f\u00e5glar och Sjunde\u00e5 16.11. kl 18 Bildningscampuset Sjunde\u00e5 hj\u00e4rta\" \/>\n<meta property=\"og:description\" content=\"Sakari M\u00e4kel\u00e4 har sammanst\u00e4llt med Eero Hauta-aho en fotoutst\u00e4llning om sjunde\u00e5f\u00e5glar. Utst\u00e4llningen fungerar som inramning till Lux Musicaefestivalens \u00f6ppning p\u00e5 torsdagen 18.11. kl 18 i Bildningscampuset Sjunde\u00e5 hj\u00e4rta. Torsten Stjernberg, tidigare intendent p\u00e5 Naturvetenskapliga museet och numera g\u00e4stande forskare vid Helsingfors universitet, har forskat i f\u00e5glar och skrivit ett flertal artiklar om dem. Han \u00e4r [&hellip;]\" \/>\n<meta property=\"og:url\" content=\"https:\/\/luxmusicae.com\/sv\/ivar-hortling-faglar-och-sjundea-16-11-kl-18-bildningscampuset-sjundea-hjarta\/\" \/>\n<meta property=\"og:site_name\" content=\"Lux Musicae 13.-15.11.2026\" \/>\n<meta property=\"article:published_time\" content=\"2023-11-03T07:09:13+00:00\" \/>\n<meta property=\"article:modified_time\" content=\"2023-11-03T07:09:16+00:00\" \/>\n<meta property=\"og:image\" content=\"https:\/\/i0.wp.com\/luxmusicae.com\/wp-content\/uploads\/2025\/07\/LuxMusicae2025_www_HEADER_KORJ.png?fit=2400%2C1600&ssl=1\" \/>\n\t<meta property=\"og:image:width\" content=\"2400\" \/>\n\t<meta property=\"og:image:height\" content=\"1600\" \/>\n\t<meta property=\"og:image:type\" content=\"image\/png\" \/>\n<meta name=\"author\" content=\"Arja Alho\" \/>\n<meta name=\"twitter:card\" content=\"summary_large_image\" \/>\n<meta name=\"twitter:label1\" content=\"Skriven av\" \/>\n\t<meta name=\"twitter:data1\" content=\"Arja Alho\" \/>\n\t<meta name=\"twitter:label2\" content=\"Ber\u00e4knad l\u00e4stid\" \/>\n\t<meta name=\"twitter:data2\" content=\"1 minut\" \/>\n<script type=\"application\/ld+json\" class=\"yoast-schema-graph\">{\"@context\":\"https:\/\/schema.org\",\"@graph\":[{\"@type\":\"Article\",\"@id\":\"https:\/\/luxmusicae.com\/sv\/ivar-hortling-faglar-och-sjundea-16-11-kl-18-bildningscampuset-sjundea-hjarta\/#article\",\"isPartOf\":{\"@id\":\"https:\/\/luxmusicae.com\/sv\/ivar-hortling-faglar-och-sjundea-16-11-kl-18-bildningscampuset-sjundea-hjarta\/\"},\"author\":{\"name\":\"Arja Alho\",\"@id\":\"https:\/\/luxmusicae.com\/#\/schema\/person\/3d48cb62b1d54d72d79d0cd493f18d90\"},\"headline\":\"Ivar Hortling, f\u00e5glar och Sjunde\u00e5 16.11. kl 18 Bildningscampuset Sjunde\u00e5 hj\u00e4rta\",\"datePublished\":\"2023-11-03T07:09:13+00:00\",\"dateModified\":\"2023-11-03T07:09:16+00:00\",\"mainEntityOfPage\":{\"@id\":\"https:\/\/luxmusicae.com\/sv\/ivar-hortling-faglar-och-sjundea-16-11-kl-18-bildningscampuset-sjundea-hjarta\/\"},\"wordCount\":120,\"publisher\":{\"@id\":\"https:\/\/luxmusicae.com\/#organization\"},\"articleSection\":[\"Uutiset-Nyheter-News\"],\"inLanguage\":\"sv-SE\"},{\"@type\":\"WebPage\",\"@id\":\"https:\/\/luxmusicae.com\/sv\/ivar-hortling-faglar-och-sjundea-16-11-kl-18-bildningscampuset-sjundea-hjarta\/\",\"url\":\"https:\/\/luxmusicae.com\/sv\/ivar-hortling-faglar-och-sjundea-16-11-kl-18-bildningscampuset-sjundea-hjarta\/\",\"name\":\"Lux Musicae 13.-15.11.2026 - Ivar Hortling, f\u00e5glar och Sjunde\u00e5 16.11. kl 18 Bildningscampuset Sjunde\u00e5 hj\u00e4rta\",\"isPartOf\":{\"@id\":\"https:\/\/luxmusicae.com\/#website\"},\"datePublished\":\"2023-11-03T07:09:13+00:00\",\"dateModified\":\"2023-11-03T07:09:16+00:00\",\"breadcrumb\":{\"@id\":\"https:\/\/luxmusicae.com\/sv\/ivar-hortling-faglar-och-sjundea-16-11-kl-18-bildningscampuset-sjundea-hjarta\/#breadcrumb\"},\"inLanguage\":\"sv-SE\",\"potentialAction\":[{\"@type\":\"ReadAction\",\"target\":[\"https:\/\/luxmusicae.com\/sv\/ivar-hortling-faglar-och-sjundea-16-11-kl-18-bildningscampuset-sjundea-hjarta\/\"]}]},{\"@type\":\"BreadcrumbList\",\"@id\":\"https:\/\/luxmusicae.com\/sv\/ivar-hortling-faglar-och-sjundea-16-11-kl-18-bildningscampuset-sjundea-hjarta\/#breadcrumb\",\"itemListElement\":[{\"@type\":\"ListItem\",\"position\":1,\"name\":\"Etusivu\",\"item\":\"https:\/\/luxmusicae.com\/\"},{\"@type\":\"ListItem\",\"position\":2,\"name\":\"Ivar Hortling, f\u00e5glar och Sjunde\u00e5 16.11. kl 18 Bildningscampuset Sjunde\u00e5 hj\u00e4rta\"}]},{\"@type\":\"WebSite\",\"@id\":\"https:\/\/luxmusicae.com\/#website\",\"url\":\"https:\/\/luxmusicae.com\/\",\"name\":\"Lux Musicae 13.-15.11.2026\",\"description\":\"Musiikkifestivaali Siuntiossa joka vuoden marraskuussa! - Musikfestival i Sjunde\u00e5. Varje \u00e5r i November! - Music Festival of Siuntio. Every year in november!\",\"publisher\":{\"@id\":\"https:\/\/luxmusicae.com\/#organization\"},\"potentialAction\":[{\"@type\":\"SearchAction\",\"target\":{\"@type\":\"EntryPoint\",\"urlTemplate\":\"https:\/\/luxmusicae.com\/?s={search_term_string}\"},\"query-input\":{\"@type\":\"PropertyValueSpecification\",\"valueRequired\":true,\"valueName\":\"search_term_string\"}}],\"inLanguage\":\"sv-SE\"},{\"@type\":\"Organization\",\"@id\":\"https:\/\/luxmusicae.com\/#organization\",\"name\":\"Lux Musicae 13.-15.11.2026\",\"url\":\"https:\/\/luxmusicae.com\/\",\"logo\":{\"@type\":\"ImageObject\",\"inLanguage\":\"sv-SE\",\"@id\":\"https:\/\/luxmusicae.com\/#\/schema\/logo\/image\/\",\"url\":\"https:\/\/i0.wp.com\/luxmusicae.com\/wp-content\/uploads\/2024\/07\/cropped-LuxMusicae2024_www_LOGO.png?fit=100%2C100&ssl=1\",\"contentUrl\":\"https:\/\/i0.wp.com\/luxmusicae.com\/wp-content\/uploads\/2024\/07\/cropped-LuxMusicae2024_www_LOGO.png?fit=100%2C100&ssl=1\",\"width\":100,\"height\":100,\"caption\":\"Lux Musicae 13.-15.11.2026\"},\"image\":{\"@id\":\"https:\/\/luxmusicae.com\/#\/schema\/logo\/image\/\"}},{\"@type\":\"Person\",\"@id\":\"https:\/\/luxmusicae.com\/#\/schema\/person\/3d48cb62b1d54d72d79d0cd493f18d90\",\"name\":\"Arja Alho\",\"image\":{\"@type\":\"ImageObject\",\"inLanguage\":\"sv-SE\",\"@id\":\"https:\/\/luxmusicae.com\/#\/schema\/person\/image\/\",\"url\":\"https:\/\/secure.gravatar.com\/avatar\/8df9dc05ccacfbda777f02322c989ed29b67de9bb6cc82cfaf7bdb5b4aa4d299?s=96&d=blank&r=g\",\"contentUrl\":\"https:\/\/secure.gravatar.com\/avatar\/8df9dc05ccacfbda777f02322c989ed29b67de9bb6cc82cfaf7bdb5b4aa4d299?s=96&d=blank&r=g\",\"caption\":\"Arja Alho\"},\"url\":\"https:\/\/luxmusicae.com\/sv\/author\/arja\/\"}]}<\/script>\n<!-- \/ Yoast SEO plugin. -->","yoast_head_json":{"title":"Lux Musicae 13.-15.11.2026 - Ivar Hortling, f\u00e5glar och Sjunde\u00e5 16.11. kl 18 Bildningscampuset Sjunde\u00e5 hj\u00e4rta","robots":{"index":"index","follow":"follow","max-snippet":"max-snippet:-1","max-image-preview":"max-image-preview:large","max-video-preview":"max-video-preview:-1"},"canonical":"https:\/\/luxmusicae.com\/sv\/ivar-hortling-faglar-och-sjundea-16-11-kl-18-bildningscampuset-sjundea-hjarta\/","og_locale":"sv_SE","og_type":"article","og_title":"Lux Musicae 13.-15.11.2026 - Ivar Hortling, f\u00e5glar och Sjunde\u00e5 16.11. kl 18 Bildningscampuset Sjunde\u00e5 hj\u00e4rta","og_description":"Sakari M\u00e4kel\u00e4 har sammanst\u00e4llt med Eero Hauta-aho en fotoutst\u00e4llning om sjunde\u00e5f\u00e5glar. Utst\u00e4llningen fungerar som inramning till Lux Musicaefestivalens \u00f6ppning p\u00e5 torsdagen 18.11. kl 18 i Bildningscampuset Sjunde\u00e5 hj\u00e4rta. Torsten Stjernberg, tidigare intendent p\u00e5 Naturvetenskapliga museet och numera g\u00e4stande forskare vid Helsingfors universitet, har forskat i f\u00e5glar och skrivit ett flertal artiklar om dem. Han \u00e4r [&hellip;]","og_url":"https:\/\/luxmusicae.com\/sv\/ivar-hortling-faglar-och-sjundea-16-11-kl-18-bildningscampuset-sjundea-hjarta\/","og_site_name":"Lux Musicae 13.-15.11.2026","article_published_time":"2023-11-03T07:09:13+00:00","article_modified_time":"2023-11-03T07:09:16+00:00","og_image":[{"width":2400,"height":1600,"url":"https:\/\/i0.wp.com\/luxmusicae.com\/wp-content\/uploads\/2025\/07\/LuxMusicae2025_www_HEADER_KORJ.png?fit=2400%2C1600&ssl=1","type":"image\/png"}],"author":"Arja Alho","twitter_card":"summary_large_image","twitter_misc":{"Skriven av":"Arja Alho","Ber\u00e4knad l\u00e4stid":"1 minut"},"schema":{"@context":"https:\/\/schema.org","@graph":[{"@type":"Article","@id":"https:\/\/luxmusicae.com\/sv\/ivar-hortling-faglar-och-sjundea-16-11-kl-18-bildningscampuset-sjundea-hjarta\/#article","isPartOf":{"@id":"https:\/\/luxmusicae.com\/sv\/ivar-hortling-faglar-och-sjundea-16-11-kl-18-bildningscampuset-sjundea-hjarta\/"},"author":{"name":"Arja Alho","@id":"https:\/\/luxmusicae.com\/#\/schema\/person\/3d48cb62b1d54d72d79d0cd493f18d90"},"headline":"Ivar Hortling, f\u00e5glar och Sjunde\u00e5 16.11. kl 18 Bildningscampuset Sjunde\u00e5 hj\u00e4rta","datePublished":"2023-11-03T07:09:13+00:00","dateModified":"2023-11-03T07:09:16+00:00","mainEntityOfPage":{"@id":"https:\/\/luxmusicae.com\/sv\/ivar-hortling-faglar-och-sjundea-16-11-kl-18-bildningscampuset-sjundea-hjarta\/"},"wordCount":120,"publisher":{"@id":"https:\/\/luxmusicae.com\/#organization"},"articleSection":["Uutiset-Nyheter-News"],"inLanguage":"sv-SE"},{"@type":"WebPage","@id":"https:\/\/luxmusicae.com\/sv\/ivar-hortling-faglar-och-sjundea-16-11-kl-18-bildningscampuset-sjundea-hjarta\/","url":"https:\/\/luxmusicae.com\/sv\/ivar-hortling-faglar-och-sjundea-16-11-kl-18-bildningscampuset-sjundea-hjarta\/","name":"Lux Musicae 13.-15.11.2026 - Ivar Hortling, f\u00e5glar och Sjunde\u00e5 16.11. kl 18 Bildningscampuset Sjunde\u00e5 hj\u00e4rta","isPartOf":{"@id":"https:\/\/luxmusicae.com\/#website"},"datePublished":"2023-11-03T07:09:13+00:00","dateModified":"2023-11-03T07:09:16+00:00","breadcrumb":{"@id":"https:\/\/luxmusicae.com\/sv\/ivar-hortling-faglar-och-sjundea-16-11-kl-18-bildningscampuset-sjundea-hjarta\/#breadcrumb"},"inLanguage":"sv-SE","potentialAction":[{"@type":"ReadAction","target":["https:\/\/luxmusicae.com\/sv\/ivar-hortling-faglar-och-sjundea-16-11-kl-18-bildningscampuset-sjundea-hjarta\/"]}]},{"@type":"BreadcrumbList","@id":"https:\/\/luxmusicae.com\/sv\/ivar-hortling-faglar-och-sjundea-16-11-kl-18-bildningscampuset-sjundea-hjarta\/#breadcrumb","itemListElement":[{"@type":"ListItem","position":1,"name":"Etusivu","item":"https:\/\/luxmusicae.com\/"},{"@type":"ListItem","position":2,"name":"Ivar Hortling, f\u00e5glar och Sjunde\u00e5 16.11. kl 18 Bildningscampuset Sjunde\u00e5 hj\u00e4rta"}]},{"@type":"WebSite","@id":"https:\/\/luxmusicae.com\/#website","url":"https:\/\/luxmusicae.com\/","name":"Lux Musicae 13.-15.11.2026","description":"Musiikkifestivaali Siuntiossa joka vuoden marraskuussa! - Musikfestival i Sjunde\u00e5. Varje \u00e5r i November! - Music Festival of Siuntio. Every year in november!","publisher":{"@id":"https:\/\/luxmusicae.com\/#organization"},"potentialAction":[{"@type":"SearchAction","target":{"@type":"EntryPoint","urlTemplate":"https:\/\/luxmusicae.com\/?s={search_term_string}"},"query-input":{"@type":"PropertyValueSpecification","valueRequired":true,"valueName":"search_term_string"}}],"inLanguage":"sv-SE"},{"@type":"Organization","@id":"https:\/\/luxmusicae.com\/#organization","name":"Lux Musicae 13.-15.11.2026","url":"https:\/\/luxmusicae.com\/","logo":{"@type":"ImageObject","inLanguage":"sv-SE","@id":"https:\/\/luxmusicae.com\/#\/schema\/logo\/image\/","url":"https:\/\/i0.wp.com\/luxmusicae.com\/wp-content\/uploads\/2024\/07\/cropped-LuxMusicae2024_www_LOGO.png?fit=100%2C100&ssl=1","contentUrl":"https:\/\/i0.wp.com\/luxmusicae.com\/wp-content\/uploads\/2024\/07\/cropped-LuxMusicae2024_www_LOGO.png?fit=100%2C100&ssl=1","width":100,"height":100,"caption":"Lux Musicae 13.-15.11.2026"},"image":{"@id":"https:\/\/luxmusicae.com\/#\/schema\/logo\/image\/"}},{"@type":"Person","@id":"https:\/\/luxmusicae.com\/#\/schema\/person\/3d48cb62b1d54d72d79d0cd493f18d90","name":"Arja Alho","image":{"@type":"ImageObject","inLanguage":"sv-SE","@id":"https:\/\/luxmusicae.com\/#\/schema\/person\/image\/","url":"https:\/\/secure.gravatar.com\/avatar\/8df9dc05ccacfbda777f02322c989ed29b67de9bb6cc82cfaf7bdb5b4aa4d299?s=96&d=blank&r=g","contentUrl":"https:\/\/secure.gravatar.com\/avatar\/8df9dc05ccacfbda777f02322c989ed29b67de9bb6cc82cfaf7bdb5b4aa4d299?s=96&d=blank&r=g","caption":"Arja Alho"},"url":"https:\/\/luxmusicae.com\/sv\/author\/arja\/"}]}},"jetpack_featured_media_url":"","uagb_featured_image_src":{"full":false,"thumbnail":false,"medium":false,"medium_large":false,"large":false,"1536x1536":false,"2048x2048":false,"ect-jetpack-portfolio-featured":false,"ect-featured-content":false,"jetpack-portfolio-admin-thumb":false,"featured-content-admin-thumb":false},"uagb_author_info":{"display_name":"Arja Alho","author_link":"https:\/\/luxmusicae.com\/sv\/author\/arja\/"},"uagb_comment_info":0,"uagb_excerpt":"Sakari M\u00e4kel\u00e4 har sammanst\u00e4llt med Eero Hauta-aho en fotoutst\u00e4llning om sjunde\u00e5f\u00e5glar. Utst\u00e4llningen fungerar som inramning till Lux Musicaefestivalens \u00f6ppning p\u00e5 torsdagen 18.11. kl 18 i Bildningscampuset Sjunde\u00e5 hj\u00e4rta. Torsten Stjernberg, tidigare intendent p\u00e5 Naturvetenskapliga museet och numera g\u00e4stande forskare vid Helsingfors universitet, har forskat i f\u00e5glar och skrivit ett flertal artiklar om dem. Han \u00e4r&hellip;","jetpack_shortlink":"https:\/\/wp.me\/p968cz-1lC","jetpack_sharing_enabled":true,"_links":{"self":[{"href":"https:\/\/luxmusicae.com\/sv\/wp-json\/wp\/v2\/posts\/5184","targetHints":{"allow":["GET"]}}],"collection":[{"href":"https:\/\/luxmusicae.com\/sv\/wp-json\/wp\/v2\/posts"}],"about":[{"href":"https:\/\/luxmusicae.com\/sv\/wp-json\/wp\/v2\/types\/post"}],"author":[{"embeddable":true,"href":"https:\/\/luxmusicae.com\/sv\/wp-json\/wp\/v2\/users\/3"}],"replies":[{"embeddable":true,"href":"https:\/\/luxmusicae.com\/sv\/wp-json\/wp\/v2\/comments?post=5184"}],"version-history":[{"count":1,"href":"https:\/\/luxmusicae.com\/sv\/wp-json\/wp\/v2\/posts\/5184\/revisions"}],"predecessor-version":[{"id":5185,"href":"https:\/\/luxmusicae.com\/sv\/wp-json\/wp\/v2\/posts\/5184\/revisions\/5185"}],"wp:attachment":[{"href":"https:\/\/luxmusicae.com\/sv\/wp-json\/wp\/v2\/media?parent=5184"}],"wp:term":[{"taxonomy":"category","embeddable":true,"href":"https:\/\/luxmusicae.com\/sv\/wp-json\/wp\/v2\/categories?post=5184"},{"taxonomy":"post_tag","embeddable":true,"href":"https:\/\/luxmusicae.com\/sv\/wp-json\/wp\/v2\/tags?post=5184"}],"curies":[{"name":"wp","href":"https:\/\/api.w.org\/{rel}","templated":true}]}}