{"id":4298,"date":"2022-05-31T20:34:26","date_gmt":"2022-05-31T17:34:26","guid":{"rendered":"https:\/\/luxmusicae.com\/?p=4298"},"modified":"2022-05-31T20:34:28","modified_gmt":"2022-05-31T17:34:28","slug":"23-lux-musicae-18-20-11-2022-mina-elan-jag-lever","status":"publish","type":"post","link":"https:\/\/luxmusicae.com\/sv\/23-lux-musicae-18-20-11-2022-mina-elan-jag-lever\/","title":{"rendered":"23. Lux Musicae 18.-20.11.2022 Min\u00e4 el\u00e4n &#8211; jag lever"},"content":{"rendered":"\n<p><\/p>\n\n\n\n<p><\/p>\n\n\n\n<p>En viktig del av Lux Musicae festivalens identitet \u00e4r hur musiken och tystnaden, ljus och m\u00f6rker upplevs med alla sinnen. Konsertupplevelsen i stockfacklors sken i Sjunde\u00e5 mitt under m\u00f6rkaste november \u00e4r unik och kraftgivande. Konsertplatser \u00e4r den medeltida S:t Petri kyrka men ocks\u00e5 Sjunde\u00e5s Bildningcampuset Sjunde\u00e5 hj\u00e4rta.P\u00e5 fredagen 18.11. h\u00f6rs Aleksis Kivi -operan. Enligt temat Min\u00e4 el\u00e4n &#8211; jag lever, forts\u00e4tter vi p\u00e5 l\u00f6rdagen 19.11. med ny kantelemusik Metsolas kantele klang och p\u00e5 s\u00f6ndagen 20.11. Charlotta L\u00f6nnqvist, k\u00e4nd som Kivis fattigaste beskyddare, hedras och d\u00e5 \u00e4ven ny och gammal musik m\u00f6ts. Det finns en gratiskonsert f\u00f6r barn under 12 \u00e5r Makeasti oravainen. Vi \u00e5terkommer!<\/p>\n\n\n\n<p><\/p>\n","protected":false},"excerpt":{"rendered":"<p>En viktig del av Lux Musicae festivalens identitet \u00e4r hur musiken och tystnaden, ljus och m\u00f6rker upplevs med alla sinnen. Konsertupplevelsen i stockfacklors sken i Sjunde\u00e5 mitt under m\u00f6rkaste november \u00e4r unik och kraftgivande. Konsertplatser \u00e4r den medeltida S:t Petri kyrka men ocks\u00e5 Sjunde\u00e5s Bildningcampuset Sjunde\u00e5 hj\u00e4rta.P\u00e5 fredagen 18.11. h\u00f6rs Aleksis Kivi -operan. Enligt temat [&hellip;]<\/p>\n","protected":false},"author":3,"featured_media":0,"comment_status":"closed","ping_status":"open","sticky":false,"template":"","format":"standard","meta":{"_uag_custom_page_level_css":"","jetpack_post_was_ever_published":false,"_jetpack_newsletter_access":"","_jetpack_dont_email_post_to_subs":false,"_jetpack_newsletter_tier_id":0,"_jetpack_memberships_contains_paywalled_content":false,"_jetpack_memberships_contains_paid_content":false,"footnotes":""},"categories":[26],"tags":[],"class_list":["post-4298","post","type-post","status-publish","format-standard","hentry","category-uutiset-nyheter-news-sv"],"yoast_head":"<!-- This site is optimized with the Yoast SEO plugin v26.8 - https:\/\/yoast.com\/product\/yoast-seo-wordpress\/ -->\n<title>Lux Musicae 13.-15.11.2026 - 23. Lux Musicae 18.-20.11.2022 Min\u00e4 el\u00e4n - jag lever<\/title>\n<meta name=\"robots\" content=\"index, follow, max-snippet:-1, max-image-preview:large, max-video-preview:-1\" \/>\n<link rel=\"canonical\" href=\"https:\/\/luxmusicae.com\/sv\/23-lux-musicae-18-20-11-2022-mina-elan-jag-lever\/\" \/>\n<meta property=\"og:locale\" content=\"sv_SE\" \/>\n<meta property=\"og:type\" content=\"article\" \/>\n<meta property=\"og:title\" content=\"Lux Musicae 13.-15.11.2026 - 23. Lux Musicae 18.-20.11.2022 Min\u00e4 el\u00e4n - jag lever\" \/>\n<meta property=\"og:description\" content=\"En viktig del av Lux Musicae festivalens identitet \u00e4r hur musiken och tystnaden, ljus och m\u00f6rker upplevs med alla sinnen. Konsertupplevelsen i stockfacklors sken i Sjunde\u00e5 mitt under m\u00f6rkaste november \u00e4r unik och kraftgivande. Konsertplatser \u00e4r den medeltida S:t Petri kyrka men ocks\u00e5 Sjunde\u00e5s Bildningcampuset Sjunde\u00e5 hj\u00e4rta.P\u00e5 fredagen 18.11. h\u00f6rs Aleksis Kivi -operan. Enligt temat [&hellip;]\" \/>\n<meta property=\"og:url\" content=\"https:\/\/luxmusicae.com\/sv\/23-lux-musicae-18-20-11-2022-mina-elan-jag-lever\/\" \/>\n<meta property=\"og:site_name\" content=\"Lux Musicae 13.-15.11.2026\" \/>\n<meta property=\"article:published_time\" content=\"2022-05-31T17:34:26+00:00\" \/>\n<meta property=\"article:modified_time\" content=\"2022-05-31T17:34:28+00:00\" \/>\n<meta property=\"og:image\" content=\"https:\/\/i0.wp.com\/luxmusicae.com\/wp-content\/uploads\/2025\/07\/LuxMusicae2025_www_HEADER_KORJ.png?fit=2400%2C1600&ssl=1\" \/>\n\t<meta property=\"og:image:width\" content=\"2400\" \/>\n\t<meta property=\"og:image:height\" content=\"1600\" \/>\n\t<meta property=\"og:image:type\" content=\"image\/png\" \/>\n<meta name=\"author\" content=\"Arja Alho\" \/>\n<meta name=\"twitter:card\" content=\"summary_large_image\" \/>\n<meta name=\"twitter:label1\" content=\"Skriven av\" \/>\n\t<meta name=\"twitter:data1\" content=\"Arja Alho\" \/>\n\t<meta name=\"twitter:label2\" content=\"Ber\u00e4knad l\u00e4stid\" \/>\n\t<meta name=\"twitter:data2\" content=\"1 minut\" \/>\n<script type=\"application\/ld+json\" class=\"yoast-schema-graph\">{\"@context\":\"https:\/\/schema.org\",\"@graph\":[{\"@type\":\"Article\",\"@id\":\"https:\/\/luxmusicae.com\/sv\/23-lux-musicae-18-20-11-2022-mina-elan-jag-lever\/#article\",\"isPartOf\":{\"@id\":\"https:\/\/luxmusicae.com\/sv\/23-lux-musicae-18-20-11-2022-mina-elan-jag-lever\/\"},\"author\":{\"name\":\"Arja Alho\",\"@id\":\"https:\/\/luxmusicae.com\/#\/schema\/person\/3d48cb62b1d54d72d79d0cd493f18d90\"},\"headline\":\"23. Lux Musicae 18.-20.11.2022 Min\u00e4 el\u00e4n &#8211; jag lever\",\"datePublished\":\"2022-05-31T17:34:26+00:00\",\"dateModified\":\"2022-05-31T17:34:28+00:00\",\"mainEntityOfPage\":{\"@id\":\"https:\/\/luxmusicae.com\/sv\/23-lux-musicae-18-20-11-2022-mina-elan-jag-lever\/\"},\"wordCount\":124,\"publisher\":{\"@id\":\"https:\/\/luxmusicae.com\/#organization\"},\"articleSection\":[\"Uutiset-Nyheter-News\"],\"inLanguage\":\"sv-SE\"},{\"@type\":\"WebPage\",\"@id\":\"https:\/\/luxmusicae.com\/sv\/23-lux-musicae-18-20-11-2022-mina-elan-jag-lever\/\",\"url\":\"https:\/\/luxmusicae.com\/sv\/23-lux-musicae-18-20-11-2022-mina-elan-jag-lever\/\",\"name\":\"Lux Musicae 13.-15.11.2026 - 23. Lux Musicae 18.-20.11.2022 Min\u00e4 el\u00e4n - jag lever\",\"isPartOf\":{\"@id\":\"https:\/\/luxmusicae.com\/#website\"},\"datePublished\":\"2022-05-31T17:34:26+00:00\",\"dateModified\":\"2022-05-31T17:34:28+00:00\",\"breadcrumb\":{\"@id\":\"https:\/\/luxmusicae.com\/sv\/23-lux-musicae-18-20-11-2022-mina-elan-jag-lever\/#breadcrumb\"},\"inLanguage\":\"sv-SE\",\"potentialAction\":[{\"@type\":\"ReadAction\",\"target\":[\"https:\/\/luxmusicae.com\/sv\/23-lux-musicae-18-20-11-2022-mina-elan-jag-lever\/\"]}]},{\"@type\":\"BreadcrumbList\",\"@id\":\"https:\/\/luxmusicae.com\/sv\/23-lux-musicae-18-20-11-2022-mina-elan-jag-lever\/#breadcrumb\",\"itemListElement\":[{\"@type\":\"ListItem\",\"position\":1,\"name\":\"Etusivu\",\"item\":\"https:\/\/luxmusicae.com\/\"},{\"@type\":\"ListItem\",\"position\":2,\"name\":\"23. Lux Musicae 18.-20.11.2022 Min\u00e4 el\u00e4n &#8211; jag lever\"}]},{\"@type\":\"WebSite\",\"@id\":\"https:\/\/luxmusicae.com\/#website\",\"url\":\"https:\/\/luxmusicae.com\/\",\"name\":\"Lux Musicae 13.-15.11.2026\",\"description\":\"Musiikkifestivaali Siuntiossa joka vuoden marraskuussa! - Musikfestival i Sjunde\u00e5. Varje \u00e5r i November! - Music Festival of Siuntio. Every year in november!\",\"publisher\":{\"@id\":\"https:\/\/luxmusicae.com\/#organization\"},\"potentialAction\":[{\"@type\":\"SearchAction\",\"target\":{\"@type\":\"EntryPoint\",\"urlTemplate\":\"https:\/\/luxmusicae.com\/?s={search_term_string}\"},\"query-input\":{\"@type\":\"PropertyValueSpecification\",\"valueRequired\":true,\"valueName\":\"search_term_string\"}}],\"inLanguage\":\"sv-SE\"},{\"@type\":\"Organization\",\"@id\":\"https:\/\/luxmusicae.com\/#organization\",\"name\":\"Lux Musicae 13.-15.11.2026\",\"url\":\"https:\/\/luxmusicae.com\/\",\"logo\":{\"@type\":\"ImageObject\",\"inLanguage\":\"sv-SE\",\"@id\":\"https:\/\/luxmusicae.com\/#\/schema\/logo\/image\/\",\"url\":\"https:\/\/i0.wp.com\/luxmusicae.com\/wp-content\/uploads\/2024\/07\/cropped-LuxMusicae2024_www_LOGO.png?fit=100%2C100&ssl=1\",\"contentUrl\":\"https:\/\/i0.wp.com\/luxmusicae.com\/wp-content\/uploads\/2024\/07\/cropped-LuxMusicae2024_www_LOGO.png?fit=100%2C100&ssl=1\",\"width\":100,\"height\":100,\"caption\":\"Lux Musicae 13.-15.11.2026\"},\"image\":{\"@id\":\"https:\/\/luxmusicae.com\/#\/schema\/logo\/image\/\"}},{\"@type\":\"Person\",\"@id\":\"https:\/\/luxmusicae.com\/#\/schema\/person\/3d48cb62b1d54d72d79d0cd493f18d90\",\"name\":\"Arja Alho\",\"image\":{\"@type\":\"ImageObject\",\"inLanguage\":\"sv-SE\",\"@id\":\"https:\/\/luxmusicae.com\/#\/schema\/person\/image\/\",\"url\":\"https:\/\/secure.gravatar.com\/avatar\/8df9dc05ccacfbda777f02322c989ed29b67de9bb6cc82cfaf7bdb5b4aa4d299?s=96&d=blank&r=g\",\"contentUrl\":\"https:\/\/secure.gravatar.com\/avatar\/8df9dc05ccacfbda777f02322c989ed29b67de9bb6cc82cfaf7bdb5b4aa4d299?s=96&d=blank&r=g\",\"caption\":\"Arja Alho\"},\"url\":\"https:\/\/luxmusicae.com\/sv\/author\/arja\/\"}]}<\/script>\n<!-- \/ Yoast SEO plugin. -->","yoast_head_json":{"title":"Lux Musicae 13.-15.11.2026 - 23. Lux Musicae 18.-20.11.2022 Min\u00e4 el\u00e4n - jag lever","robots":{"index":"index","follow":"follow","max-snippet":"max-snippet:-1","max-image-preview":"max-image-preview:large","max-video-preview":"max-video-preview:-1"},"canonical":"https:\/\/luxmusicae.com\/sv\/23-lux-musicae-18-20-11-2022-mina-elan-jag-lever\/","og_locale":"sv_SE","og_type":"article","og_title":"Lux Musicae 13.-15.11.2026 - 23. Lux Musicae 18.-20.11.2022 Min\u00e4 el\u00e4n - jag lever","og_description":"En viktig del av Lux Musicae festivalens identitet \u00e4r hur musiken och tystnaden, ljus och m\u00f6rker upplevs med alla sinnen. Konsertupplevelsen i stockfacklors sken i Sjunde\u00e5 mitt under m\u00f6rkaste november \u00e4r unik och kraftgivande. Konsertplatser \u00e4r den medeltida S:t Petri kyrka men ocks\u00e5 Sjunde\u00e5s Bildningcampuset Sjunde\u00e5 hj\u00e4rta.P\u00e5 fredagen 18.11. h\u00f6rs Aleksis Kivi -operan. Enligt temat [&hellip;]","og_url":"https:\/\/luxmusicae.com\/sv\/23-lux-musicae-18-20-11-2022-mina-elan-jag-lever\/","og_site_name":"Lux Musicae 13.-15.11.2026","article_published_time":"2022-05-31T17:34:26+00:00","article_modified_time":"2022-05-31T17:34:28+00:00","og_image":[{"width":2400,"height":1600,"url":"https:\/\/i0.wp.com\/luxmusicae.com\/wp-content\/uploads\/2025\/07\/LuxMusicae2025_www_HEADER_KORJ.png?fit=2400%2C1600&ssl=1","type":"image\/png"}],"author":"Arja Alho","twitter_card":"summary_large_image","twitter_misc":{"Skriven av":"Arja Alho","Ber\u00e4knad l\u00e4stid":"1 minut"},"schema":{"@context":"https:\/\/schema.org","@graph":[{"@type":"Article","@id":"https:\/\/luxmusicae.com\/sv\/23-lux-musicae-18-20-11-2022-mina-elan-jag-lever\/#article","isPartOf":{"@id":"https:\/\/luxmusicae.com\/sv\/23-lux-musicae-18-20-11-2022-mina-elan-jag-lever\/"},"author":{"name":"Arja Alho","@id":"https:\/\/luxmusicae.com\/#\/schema\/person\/3d48cb62b1d54d72d79d0cd493f18d90"},"headline":"23. Lux Musicae 18.-20.11.2022 Min\u00e4 el\u00e4n &#8211; jag lever","datePublished":"2022-05-31T17:34:26+00:00","dateModified":"2022-05-31T17:34:28+00:00","mainEntityOfPage":{"@id":"https:\/\/luxmusicae.com\/sv\/23-lux-musicae-18-20-11-2022-mina-elan-jag-lever\/"},"wordCount":124,"publisher":{"@id":"https:\/\/luxmusicae.com\/#organization"},"articleSection":["Uutiset-Nyheter-News"],"inLanguage":"sv-SE"},{"@type":"WebPage","@id":"https:\/\/luxmusicae.com\/sv\/23-lux-musicae-18-20-11-2022-mina-elan-jag-lever\/","url":"https:\/\/luxmusicae.com\/sv\/23-lux-musicae-18-20-11-2022-mina-elan-jag-lever\/","name":"Lux Musicae 13.-15.11.2026 - 23. Lux Musicae 18.-20.11.2022 Min\u00e4 el\u00e4n - jag lever","isPartOf":{"@id":"https:\/\/luxmusicae.com\/#website"},"datePublished":"2022-05-31T17:34:26+00:00","dateModified":"2022-05-31T17:34:28+00:00","breadcrumb":{"@id":"https:\/\/luxmusicae.com\/sv\/23-lux-musicae-18-20-11-2022-mina-elan-jag-lever\/#breadcrumb"},"inLanguage":"sv-SE","potentialAction":[{"@type":"ReadAction","target":["https:\/\/luxmusicae.com\/sv\/23-lux-musicae-18-20-11-2022-mina-elan-jag-lever\/"]}]},{"@type":"BreadcrumbList","@id":"https:\/\/luxmusicae.com\/sv\/23-lux-musicae-18-20-11-2022-mina-elan-jag-lever\/#breadcrumb","itemListElement":[{"@type":"ListItem","position":1,"name":"Etusivu","item":"https:\/\/luxmusicae.com\/"},{"@type":"ListItem","position":2,"name":"23. Lux Musicae 18.-20.11.2022 Min\u00e4 el\u00e4n &#8211; jag lever"}]},{"@type":"WebSite","@id":"https:\/\/luxmusicae.com\/#website","url":"https:\/\/luxmusicae.com\/","name":"Lux Musicae 13.-15.11.2026","description":"Musiikkifestivaali Siuntiossa joka vuoden marraskuussa! - Musikfestival i Sjunde\u00e5. Varje \u00e5r i November! - Music Festival of Siuntio. Every year in november!","publisher":{"@id":"https:\/\/luxmusicae.com\/#organization"},"potentialAction":[{"@type":"SearchAction","target":{"@type":"EntryPoint","urlTemplate":"https:\/\/luxmusicae.com\/?s={search_term_string}"},"query-input":{"@type":"PropertyValueSpecification","valueRequired":true,"valueName":"search_term_string"}}],"inLanguage":"sv-SE"},{"@type":"Organization","@id":"https:\/\/luxmusicae.com\/#organization","name":"Lux Musicae 13.-15.11.2026","url":"https:\/\/luxmusicae.com\/","logo":{"@type":"ImageObject","inLanguage":"sv-SE","@id":"https:\/\/luxmusicae.com\/#\/schema\/logo\/image\/","url":"https:\/\/i0.wp.com\/luxmusicae.com\/wp-content\/uploads\/2024\/07\/cropped-LuxMusicae2024_www_LOGO.png?fit=100%2C100&ssl=1","contentUrl":"https:\/\/i0.wp.com\/luxmusicae.com\/wp-content\/uploads\/2024\/07\/cropped-LuxMusicae2024_www_LOGO.png?fit=100%2C100&ssl=1","width":100,"height":100,"caption":"Lux Musicae 13.-15.11.2026"},"image":{"@id":"https:\/\/luxmusicae.com\/#\/schema\/logo\/image\/"}},{"@type":"Person","@id":"https:\/\/luxmusicae.com\/#\/schema\/person\/3d48cb62b1d54d72d79d0cd493f18d90","name":"Arja Alho","image":{"@type":"ImageObject","inLanguage":"sv-SE","@id":"https:\/\/luxmusicae.com\/#\/schema\/person\/image\/","url":"https:\/\/secure.gravatar.com\/avatar\/8df9dc05ccacfbda777f02322c989ed29b67de9bb6cc82cfaf7bdb5b4aa4d299?s=96&d=blank&r=g","contentUrl":"https:\/\/secure.gravatar.com\/avatar\/8df9dc05ccacfbda777f02322c989ed29b67de9bb6cc82cfaf7bdb5b4aa4d299?s=96&d=blank&r=g","caption":"Arja Alho"},"url":"https:\/\/luxmusicae.com\/sv\/author\/arja\/"}]}},"jetpack_featured_media_url":"","uagb_featured_image_src":{"full":false,"thumbnail":false,"medium":false,"medium_large":false,"large":false,"1536x1536":false,"2048x2048":false,"ect-jetpack-portfolio-featured":false,"ect-featured-content":false,"jetpack-portfolio-admin-thumb":false,"featured-content-admin-thumb":false},"uagb_author_info":{"display_name":"Arja Alho","author_link":"https:\/\/luxmusicae.com\/sv\/author\/arja\/"},"uagb_comment_info":0,"uagb_excerpt":"En viktig del av Lux Musicae festivalens identitet \u00e4r hur musiken och tystnaden, ljus och m\u00f6rker upplevs med alla sinnen. Konsertupplevelsen i stockfacklors sken i Sjunde\u00e5 mitt under m\u00f6rkaste november \u00e4r unik och kraftgivande. Konsertplatser \u00e4r den medeltida S:t Petri kyrka men ocks\u00e5 Sjunde\u00e5s Bildningcampuset Sjunde\u00e5 hj\u00e4rta.P\u00e5 fredagen 18.11. h\u00f6rs Aleksis Kivi -operan. Enligt temat&hellip;","jetpack_shortlink":"https:\/\/wp.me\/p968cz-17k","jetpack_sharing_enabled":true,"_links":{"self":[{"href":"https:\/\/luxmusicae.com\/sv\/wp-json\/wp\/v2\/posts\/4298","targetHints":{"allow":["GET"]}}],"collection":[{"href":"https:\/\/luxmusicae.com\/sv\/wp-json\/wp\/v2\/posts"}],"about":[{"href":"https:\/\/luxmusicae.com\/sv\/wp-json\/wp\/v2\/types\/post"}],"author":[{"embeddable":true,"href":"https:\/\/luxmusicae.com\/sv\/wp-json\/wp\/v2\/users\/3"}],"replies":[{"embeddable":true,"href":"https:\/\/luxmusicae.com\/sv\/wp-json\/wp\/v2\/comments?post=4298"}],"version-history":[{"count":1,"href":"https:\/\/luxmusicae.com\/sv\/wp-json\/wp\/v2\/posts\/4298\/revisions"}],"predecessor-version":[{"id":4299,"href":"https:\/\/luxmusicae.com\/sv\/wp-json\/wp\/v2\/posts\/4298\/revisions\/4299"}],"wp:attachment":[{"href":"https:\/\/luxmusicae.com\/sv\/wp-json\/wp\/v2\/media?parent=4298"}],"wp:term":[{"taxonomy":"category","embeddable":true,"href":"https:\/\/luxmusicae.com\/sv\/wp-json\/wp\/v2\/categories?post=4298"},{"taxonomy":"post_tag","embeddable":true,"href":"https:\/\/luxmusicae.com\/sv\/wp-json\/wp\/v2\/tags?post=4298"}],"curies":[{"name":"wp","href":"https:\/\/api.w.org\/{rel}","templated":true}]}}