{"id":3959,"date":"2021-09-06T11:47:51","date_gmt":"2021-09-06T08:47:51","guid":{"rendered":"https:\/\/luxmusicae.com\/?p=3959"},"modified":"2021-09-06T12:05:55","modified_gmt":"2021-09-06T09:05:55","slug":"mot-nya-toner-grattis-tomi-raisanen","status":"publish","type":"post","link":"https:\/\/luxmusicae.com\/sv\/mot-nya-toner-grattis-tomi-raisanen\/","title":{"rendered":"Mot nya toner &#8211; grattis Tomi R\u00e4is\u00e4nen!"},"content":{"rendered":"\n<p>Vinnaren av kammarmusikserien \u00e4r komposit\u00f6ren <strong>Tomi R\u00e4is\u00e4nen<\/strong> med sitt verk <em>Tele<\/em>.  Juryns ordf\u00f6rande, komposit\u00f6ren Kimmo Hakola, tror att <em>Tele<\/em> kommer att finnas kvar i finsk musikhistoria p\u00e5 grund av verkets uppfinningsrikedom.<\/p>\n\n\n\n<p><em>Tele<\/em>, komponerat f\u00f6r sju spelare och tv, \u00e4r starkt f\u00f6rknippat med coronatiden. Verket \u00e4r som en bruten videokonferens :&#8230; \u201dspelarnas avst\u00e5nd och bristen p\u00e5 \u00f6gonkontakt orsakar snedvridningar och felaktigheter i musikalisk kommunikation; att spela tillsammans blir sv\u00e5rt och g\u00e5r s\u00f6nder.\u201d Verket har premi\u00e4r p\u00e5 Lux Musicae -festivalen den 19 november 2021.<\/p>\n\n\n\n<p>Kompositionerna av <strong>Paavo Korpijaakko<\/strong>, som bor i N\u00e5dendal, h\u00f6rs regelbundet p\u00e5 finska musikfestivaler. Han beskriver sitt andra prisvinnande verk,<em> Cats Go Crazy On The Moonshine<\/em>, enligt f\u00f6ljande: Jag arrangerade en lite annorlunda l\u00e5t f\u00f6r katterna: en dagsl\u00e5ng bakkanal, d\u00e4r de dricker sig fulla, lider av baksm\u00e4ll\u00e4 och slutligen rusar alla f\u00f6r att ha den sista droppen.&#8221;<\/p>\n\n\n\n<p> Tredje priset delades ut till kyrkomusikern <strong>Niels Burgmanns<\/strong> <em>A Light Exists in Spring <\/em>och Lojos stadsorkesterns kontrabasist <strong>Peter Grans <\/strong><em>Meditation Lux,<\/em> som Grans har till\u00e4gnat till S:t Petri Kyrka in Sjunde\u00e5. Under kyrkans historia har m\u00e4nniskor, enligt Grans, \u201dupplevt motg\u00e5ngar (skuggor) och goda tider (ljus)\u201d. Det finns en tr\u00f6stande psalm mellan verkets delar.  <\/p>\n\n\n\n<p>Burgmann var inspirerad av Emily Dickinsons dikt. Han \u00e4r f\u00f6dd i Tyskland, v\u00e4xte upp i Sverige och arbetade i olika f\u00f6rsamlingar i Finland som kyrkomusiker. Han s\u00e4ger att han \u00e4lskar orgeln!<\/p>\n\n\n\n<p>Juryn rekommenderade ocks\u00e5 att <strong>Sami Klemolas<\/strong><em> Lux i Umbra<\/em> och <strong>Teemu Halmkrona<\/strong>s <em>Siuntion vuodenajat<\/em> presenteras p\u00e5 festivalen. Klemola \u00e4r k\u00e4nd f\u00f6r sin elektroniska musik och han \u00e4r drivkraften bakom defunensemblen. Halmkrona \u00e4r inte bara en komposit\u00f6r utan ocks\u00e5 en keyboardist, vars verk har framf\u00f6rts av t.ex. UMO och \u00e4ven andra jazzensembler.<\/p>\n\n\n\n<pre id=\"tw-target-text\" class=\"wp-block-preformatted\"> <\/pre>\n","protected":false},"excerpt":{"rendered":"<p>Vinnaren av kammarmusikserien \u00e4r komposit\u00f6ren Tomi R\u00e4is\u00e4nen med sitt verk Tele. Juryns ordf\u00f6rande, komposit\u00f6ren Kimmo Hakola, tror att Tele kommer att finnas kvar i finsk musikhistoria p\u00e5 grund av verkets uppfinningsrikedom. Tele, komponerat f\u00f6r sju spelare och tv, \u00e4r starkt f\u00f6rknippat med coronatiden. Verket \u00e4r som en bruten videokonferens :&#8230; \u201dspelarnas avst\u00e5nd och bristen p\u00e5 [&hellip;]<\/p>\n","protected":false},"author":3,"featured_media":0,"comment_status":"closed","ping_status":"open","sticky":false,"template":"","format":"standard","meta":{"_uag_custom_page_level_css":"","jetpack_post_was_ever_published":false,"_jetpack_newsletter_access":"","_jetpack_dont_email_post_to_subs":false,"_jetpack_newsletter_tier_id":0,"_jetpack_memberships_contains_paywalled_content":false,"_jetpack_memberships_contains_paid_content":false,"footnotes":""},"categories":[26],"tags":[],"class_list":["post-3959","post","type-post","status-publish","format-standard","hentry","category-uutiset-nyheter-news-sv"],"yoast_head":"<!-- This site is optimized with the Yoast SEO plugin v26.8 - https:\/\/yoast.com\/product\/yoast-seo-wordpress\/ -->\n<title>Lux Musicae 13.-15.11.2026 - Mot nya toner - grattis Tomi R\u00e4is\u00e4nen!<\/title>\n<meta name=\"robots\" content=\"index, follow, max-snippet:-1, max-image-preview:large, max-video-preview:-1\" \/>\n<link rel=\"canonical\" href=\"https:\/\/luxmusicae.com\/sv\/mot-nya-toner-grattis-tomi-raisanen\/\" \/>\n<meta property=\"og:locale\" content=\"sv_SE\" \/>\n<meta property=\"og:type\" content=\"article\" \/>\n<meta property=\"og:title\" content=\"Lux Musicae 13.-15.11.2026 - Mot nya toner - grattis Tomi R\u00e4is\u00e4nen!\" \/>\n<meta property=\"og:description\" content=\"Vinnaren av kammarmusikserien \u00e4r komposit\u00f6ren Tomi R\u00e4is\u00e4nen med sitt verk Tele. Juryns ordf\u00f6rande, komposit\u00f6ren Kimmo Hakola, tror att Tele kommer att finnas kvar i finsk musikhistoria p\u00e5 grund av verkets uppfinningsrikedom. Tele, komponerat f\u00f6r sju spelare och tv, \u00e4r starkt f\u00f6rknippat med coronatiden. Verket \u00e4r som en bruten videokonferens :&#8230; \u201dspelarnas avst\u00e5nd och bristen p\u00e5 [&hellip;]\" \/>\n<meta property=\"og:url\" content=\"https:\/\/luxmusicae.com\/sv\/mot-nya-toner-grattis-tomi-raisanen\/\" \/>\n<meta property=\"og:site_name\" content=\"Lux Musicae 13.-15.11.2026\" \/>\n<meta property=\"article:published_time\" content=\"2021-09-06T08:47:51+00:00\" \/>\n<meta property=\"article:modified_time\" content=\"2021-09-06T09:05:55+00:00\" \/>\n<meta property=\"og:image\" content=\"https:\/\/i0.wp.com\/luxmusicae.com\/wp-content\/uploads\/2025\/07\/LuxMusicae2025_www_HEADER_KORJ.png?fit=2400%2C1600&ssl=1\" \/>\n\t<meta property=\"og:image:width\" content=\"2400\" \/>\n\t<meta property=\"og:image:height\" content=\"1600\" \/>\n\t<meta property=\"og:image:type\" content=\"image\/png\" \/>\n<meta name=\"author\" content=\"Arja Alho\" \/>\n<meta name=\"twitter:card\" content=\"summary_large_image\" \/>\n<meta name=\"twitter:label1\" content=\"Skriven av\" \/>\n\t<meta name=\"twitter:data1\" content=\"Arja Alho\" \/>\n\t<meta name=\"twitter:label2\" content=\"Ber\u00e4knad l\u00e4stid\" \/>\n\t<meta name=\"twitter:data2\" content=\"2 minuter\" \/>\n<script type=\"application\/ld+json\" class=\"yoast-schema-graph\">{\"@context\":\"https:\/\/schema.org\",\"@graph\":[{\"@type\":\"Article\",\"@id\":\"https:\/\/luxmusicae.com\/sv\/mot-nya-toner-grattis-tomi-raisanen\/#article\",\"isPartOf\":{\"@id\":\"https:\/\/luxmusicae.com\/sv\/mot-nya-toner-grattis-tomi-raisanen\/\"},\"author\":{\"name\":\"Arja Alho\",\"@id\":\"https:\/\/luxmusicae.com\/#\/schema\/person\/3d48cb62b1d54d72d79d0cd493f18d90\"},\"headline\":\"Mot nya toner &#8211; grattis Tomi R\u00e4is\u00e4nen!\",\"datePublished\":\"2021-09-06T08:47:51+00:00\",\"dateModified\":\"2021-09-06T09:05:55+00:00\",\"mainEntityOfPage\":{\"@id\":\"https:\/\/luxmusicae.com\/sv\/mot-nya-toner-grattis-tomi-raisanen\/\"},\"wordCount\":314,\"publisher\":{\"@id\":\"https:\/\/luxmusicae.com\/#organization\"},\"articleSection\":[\"Uutiset-Nyheter-News\"],\"inLanguage\":\"sv-SE\"},{\"@type\":\"WebPage\",\"@id\":\"https:\/\/luxmusicae.com\/sv\/mot-nya-toner-grattis-tomi-raisanen\/\",\"url\":\"https:\/\/luxmusicae.com\/sv\/mot-nya-toner-grattis-tomi-raisanen\/\",\"name\":\"Lux Musicae 13.-15.11.2026 - Mot nya toner - grattis Tomi R\u00e4is\u00e4nen!\",\"isPartOf\":{\"@id\":\"https:\/\/luxmusicae.com\/#website\"},\"datePublished\":\"2021-09-06T08:47:51+00:00\",\"dateModified\":\"2021-09-06T09:05:55+00:00\",\"breadcrumb\":{\"@id\":\"https:\/\/luxmusicae.com\/sv\/mot-nya-toner-grattis-tomi-raisanen\/#breadcrumb\"},\"inLanguage\":\"sv-SE\",\"potentialAction\":[{\"@type\":\"ReadAction\",\"target\":[\"https:\/\/luxmusicae.com\/sv\/mot-nya-toner-grattis-tomi-raisanen\/\"]}]},{\"@type\":\"BreadcrumbList\",\"@id\":\"https:\/\/luxmusicae.com\/sv\/mot-nya-toner-grattis-tomi-raisanen\/#breadcrumb\",\"itemListElement\":[{\"@type\":\"ListItem\",\"position\":1,\"name\":\"Etusivu\",\"item\":\"https:\/\/luxmusicae.com\/\"},{\"@type\":\"ListItem\",\"position\":2,\"name\":\"Mot nya toner &#8211; grattis Tomi R\u00e4is\u00e4nen!\"}]},{\"@type\":\"WebSite\",\"@id\":\"https:\/\/luxmusicae.com\/#website\",\"url\":\"https:\/\/luxmusicae.com\/\",\"name\":\"Lux Musicae 13.-15.11.2026\",\"description\":\"Musiikkifestivaali Siuntiossa joka vuoden marraskuussa! - Musikfestival i Sjunde\u00e5. Varje \u00e5r i November! - Music Festival of Siuntio. Every year in november!\",\"publisher\":{\"@id\":\"https:\/\/luxmusicae.com\/#organization\"},\"potentialAction\":[{\"@type\":\"SearchAction\",\"target\":{\"@type\":\"EntryPoint\",\"urlTemplate\":\"https:\/\/luxmusicae.com\/?s={search_term_string}\"},\"query-input\":{\"@type\":\"PropertyValueSpecification\",\"valueRequired\":true,\"valueName\":\"search_term_string\"}}],\"inLanguage\":\"sv-SE\"},{\"@type\":\"Organization\",\"@id\":\"https:\/\/luxmusicae.com\/#organization\",\"name\":\"Lux Musicae 13.-15.11.2026\",\"url\":\"https:\/\/luxmusicae.com\/\",\"logo\":{\"@type\":\"ImageObject\",\"inLanguage\":\"sv-SE\",\"@id\":\"https:\/\/luxmusicae.com\/#\/schema\/logo\/image\/\",\"url\":\"https:\/\/i0.wp.com\/luxmusicae.com\/wp-content\/uploads\/2024\/07\/cropped-LuxMusicae2024_www_LOGO.png?fit=100%2C100&ssl=1\",\"contentUrl\":\"https:\/\/i0.wp.com\/luxmusicae.com\/wp-content\/uploads\/2024\/07\/cropped-LuxMusicae2024_www_LOGO.png?fit=100%2C100&ssl=1\",\"width\":100,\"height\":100,\"caption\":\"Lux Musicae 13.-15.11.2026\"},\"image\":{\"@id\":\"https:\/\/luxmusicae.com\/#\/schema\/logo\/image\/\"}},{\"@type\":\"Person\",\"@id\":\"https:\/\/luxmusicae.com\/#\/schema\/person\/3d48cb62b1d54d72d79d0cd493f18d90\",\"name\":\"Arja Alho\",\"image\":{\"@type\":\"ImageObject\",\"inLanguage\":\"sv-SE\",\"@id\":\"https:\/\/luxmusicae.com\/#\/schema\/person\/image\/\",\"url\":\"https:\/\/secure.gravatar.com\/avatar\/8df9dc05ccacfbda777f02322c989ed29b67de9bb6cc82cfaf7bdb5b4aa4d299?s=96&d=blank&r=g\",\"contentUrl\":\"https:\/\/secure.gravatar.com\/avatar\/8df9dc05ccacfbda777f02322c989ed29b67de9bb6cc82cfaf7bdb5b4aa4d299?s=96&d=blank&r=g\",\"caption\":\"Arja Alho\"},\"url\":\"https:\/\/luxmusicae.com\/sv\/author\/arja\/\"}]}<\/script>\n<!-- \/ Yoast SEO plugin. -->","yoast_head_json":{"title":"Lux Musicae 13.-15.11.2026 - Mot nya toner - grattis Tomi R\u00e4is\u00e4nen!","robots":{"index":"index","follow":"follow","max-snippet":"max-snippet:-1","max-image-preview":"max-image-preview:large","max-video-preview":"max-video-preview:-1"},"canonical":"https:\/\/luxmusicae.com\/sv\/mot-nya-toner-grattis-tomi-raisanen\/","og_locale":"sv_SE","og_type":"article","og_title":"Lux Musicae 13.-15.11.2026 - Mot nya toner - grattis Tomi R\u00e4is\u00e4nen!","og_description":"Vinnaren av kammarmusikserien \u00e4r komposit\u00f6ren Tomi R\u00e4is\u00e4nen med sitt verk Tele. Juryns ordf\u00f6rande, komposit\u00f6ren Kimmo Hakola, tror att Tele kommer att finnas kvar i finsk musikhistoria p\u00e5 grund av verkets uppfinningsrikedom. Tele, komponerat f\u00f6r sju spelare och tv, \u00e4r starkt f\u00f6rknippat med coronatiden. Verket \u00e4r som en bruten videokonferens :&#8230; \u201dspelarnas avst\u00e5nd och bristen p\u00e5 [&hellip;]","og_url":"https:\/\/luxmusicae.com\/sv\/mot-nya-toner-grattis-tomi-raisanen\/","og_site_name":"Lux Musicae 13.-15.11.2026","article_published_time":"2021-09-06T08:47:51+00:00","article_modified_time":"2021-09-06T09:05:55+00:00","og_image":[{"width":2400,"height":1600,"url":"https:\/\/i0.wp.com\/luxmusicae.com\/wp-content\/uploads\/2025\/07\/LuxMusicae2025_www_HEADER_KORJ.png?fit=2400%2C1600&ssl=1","type":"image\/png"}],"author":"Arja Alho","twitter_card":"summary_large_image","twitter_misc":{"Skriven av":"Arja Alho","Ber\u00e4knad l\u00e4stid":"2 minuter"},"schema":{"@context":"https:\/\/schema.org","@graph":[{"@type":"Article","@id":"https:\/\/luxmusicae.com\/sv\/mot-nya-toner-grattis-tomi-raisanen\/#article","isPartOf":{"@id":"https:\/\/luxmusicae.com\/sv\/mot-nya-toner-grattis-tomi-raisanen\/"},"author":{"name":"Arja Alho","@id":"https:\/\/luxmusicae.com\/#\/schema\/person\/3d48cb62b1d54d72d79d0cd493f18d90"},"headline":"Mot nya toner &#8211; grattis Tomi R\u00e4is\u00e4nen!","datePublished":"2021-09-06T08:47:51+00:00","dateModified":"2021-09-06T09:05:55+00:00","mainEntityOfPage":{"@id":"https:\/\/luxmusicae.com\/sv\/mot-nya-toner-grattis-tomi-raisanen\/"},"wordCount":314,"publisher":{"@id":"https:\/\/luxmusicae.com\/#organization"},"articleSection":["Uutiset-Nyheter-News"],"inLanguage":"sv-SE"},{"@type":"WebPage","@id":"https:\/\/luxmusicae.com\/sv\/mot-nya-toner-grattis-tomi-raisanen\/","url":"https:\/\/luxmusicae.com\/sv\/mot-nya-toner-grattis-tomi-raisanen\/","name":"Lux Musicae 13.-15.11.2026 - Mot nya toner - grattis Tomi R\u00e4is\u00e4nen!","isPartOf":{"@id":"https:\/\/luxmusicae.com\/#website"},"datePublished":"2021-09-06T08:47:51+00:00","dateModified":"2021-09-06T09:05:55+00:00","breadcrumb":{"@id":"https:\/\/luxmusicae.com\/sv\/mot-nya-toner-grattis-tomi-raisanen\/#breadcrumb"},"inLanguage":"sv-SE","potentialAction":[{"@type":"ReadAction","target":["https:\/\/luxmusicae.com\/sv\/mot-nya-toner-grattis-tomi-raisanen\/"]}]},{"@type":"BreadcrumbList","@id":"https:\/\/luxmusicae.com\/sv\/mot-nya-toner-grattis-tomi-raisanen\/#breadcrumb","itemListElement":[{"@type":"ListItem","position":1,"name":"Etusivu","item":"https:\/\/luxmusicae.com\/"},{"@type":"ListItem","position":2,"name":"Mot nya toner &#8211; grattis Tomi R\u00e4is\u00e4nen!"}]},{"@type":"WebSite","@id":"https:\/\/luxmusicae.com\/#website","url":"https:\/\/luxmusicae.com\/","name":"Lux Musicae 13.-15.11.2026","description":"Musiikkifestivaali Siuntiossa joka vuoden marraskuussa! - Musikfestival i Sjunde\u00e5. Varje \u00e5r i November! - Music Festival of Siuntio. Every year in november!","publisher":{"@id":"https:\/\/luxmusicae.com\/#organization"},"potentialAction":[{"@type":"SearchAction","target":{"@type":"EntryPoint","urlTemplate":"https:\/\/luxmusicae.com\/?s={search_term_string}"},"query-input":{"@type":"PropertyValueSpecification","valueRequired":true,"valueName":"search_term_string"}}],"inLanguage":"sv-SE"},{"@type":"Organization","@id":"https:\/\/luxmusicae.com\/#organization","name":"Lux Musicae 13.-15.11.2026","url":"https:\/\/luxmusicae.com\/","logo":{"@type":"ImageObject","inLanguage":"sv-SE","@id":"https:\/\/luxmusicae.com\/#\/schema\/logo\/image\/","url":"https:\/\/i0.wp.com\/luxmusicae.com\/wp-content\/uploads\/2024\/07\/cropped-LuxMusicae2024_www_LOGO.png?fit=100%2C100&ssl=1","contentUrl":"https:\/\/i0.wp.com\/luxmusicae.com\/wp-content\/uploads\/2024\/07\/cropped-LuxMusicae2024_www_LOGO.png?fit=100%2C100&ssl=1","width":100,"height":100,"caption":"Lux Musicae 13.-15.11.2026"},"image":{"@id":"https:\/\/luxmusicae.com\/#\/schema\/logo\/image\/"}},{"@type":"Person","@id":"https:\/\/luxmusicae.com\/#\/schema\/person\/3d48cb62b1d54d72d79d0cd493f18d90","name":"Arja Alho","image":{"@type":"ImageObject","inLanguage":"sv-SE","@id":"https:\/\/luxmusicae.com\/#\/schema\/person\/image\/","url":"https:\/\/secure.gravatar.com\/avatar\/8df9dc05ccacfbda777f02322c989ed29b67de9bb6cc82cfaf7bdb5b4aa4d299?s=96&d=blank&r=g","contentUrl":"https:\/\/secure.gravatar.com\/avatar\/8df9dc05ccacfbda777f02322c989ed29b67de9bb6cc82cfaf7bdb5b4aa4d299?s=96&d=blank&r=g","caption":"Arja Alho"},"url":"https:\/\/luxmusicae.com\/sv\/author\/arja\/"}]}},"jetpack_featured_media_url":"","uagb_featured_image_src":{"full":false,"thumbnail":false,"medium":false,"medium_large":false,"large":false,"1536x1536":false,"2048x2048":false,"ect-jetpack-portfolio-featured":false,"ect-featured-content":false,"jetpack-portfolio-admin-thumb":false,"featured-content-admin-thumb":false},"uagb_author_info":{"display_name":"Arja Alho","author_link":"https:\/\/luxmusicae.com\/sv\/author\/arja\/"},"uagb_comment_info":0,"uagb_excerpt":"Vinnaren av kammarmusikserien \u00e4r komposit\u00f6ren Tomi R\u00e4is\u00e4nen med sitt verk Tele. Juryns ordf\u00f6rande, komposit\u00f6ren Kimmo Hakola, tror att Tele kommer att finnas kvar i finsk musikhistoria p\u00e5 grund av verkets uppfinningsrikedom. Tele, komponerat f\u00f6r sju spelare och tv, \u00e4r starkt f\u00f6rknippat med coronatiden. Verket \u00e4r som en bruten videokonferens :&#8230; \u201dspelarnas avst\u00e5nd och bristen p\u00e5&hellip;","jetpack_shortlink":"https:\/\/wp.me\/p968cz-11R","jetpack_sharing_enabled":true,"_links":{"self":[{"href":"https:\/\/luxmusicae.com\/sv\/wp-json\/wp\/v2\/posts\/3959","targetHints":{"allow":["GET"]}}],"collection":[{"href":"https:\/\/luxmusicae.com\/sv\/wp-json\/wp\/v2\/posts"}],"about":[{"href":"https:\/\/luxmusicae.com\/sv\/wp-json\/wp\/v2\/types\/post"}],"author":[{"embeddable":true,"href":"https:\/\/luxmusicae.com\/sv\/wp-json\/wp\/v2\/users\/3"}],"replies":[{"embeddable":true,"href":"https:\/\/luxmusicae.com\/sv\/wp-json\/wp\/v2\/comments?post=3959"}],"version-history":[{"count":2,"href":"https:\/\/luxmusicae.com\/sv\/wp-json\/wp\/v2\/posts\/3959\/revisions"}],"predecessor-version":[{"id":3963,"href":"https:\/\/luxmusicae.com\/sv\/wp-json\/wp\/v2\/posts\/3959\/revisions\/3963"}],"wp:attachment":[{"href":"https:\/\/luxmusicae.com\/sv\/wp-json\/wp\/v2\/media?parent=3959"}],"wp:term":[{"taxonomy":"category","embeddable":true,"href":"https:\/\/luxmusicae.com\/sv\/wp-json\/wp\/v2\/categories?post=3959"},{"taxonomy":"post_tag","embeddable":true,"href":"https:\/\/luxmusicae.com\/sv\/wp-json\/wp\/v2\/tags?post=3959"}],"curies":[{"name":"wp","href":"https:\/\/api.w.org\/{rel}","templated":true}]}}