{"id":3833,"date":"2021-05-22T12:15:57","date_gmt":"2021-05-22T09:15:57","guid":{"rendered":"https:\/\/luxmusicae.com\/?p=3833"},"modified":"2021-05-22T12:15:59","modified_gmt":"2021-05-22T09:15:59","slug":"bellman-konserten-4-6-har-avbrutits","status":"publish","type":"post","link":"https:\/\/luxmusicae.com\/sv\/bellman-konserten-4-6-har-avbrutits\/","title":{"rendered":"Bellman-konserten 4.6. har avbrutits"},"content":{"rendered":"\n<p>Coronabegr\u00e4sningar forts\u00e4tter. Det  ser ut  att det kommer inte tillr\u00e4ckligt mycket l\u00e4ttnader f\u00f6r att ordna inomhuskonserten.  D\u00e4rf\u00f6r kan vi inte genomf\u00f6ra 4.6. Bellman-konsert i Svidja. Vi \u00e4r mycket ledsna \u00f6ver detta. Om du har k\u00f6pt en biljett via Lippu.fi, v\u00e4nligen kontakta dom f\u00f6r att f\u00e5 ers\u00e4ttningen.  De andra info(at)<a rel=\"noreferrer noopener\" href=\"http:\/\/luxmusicae.com\/?fbclid=IwAR0MrFP4_fDMTKDlDOWRON3fDAjCQIWg6ty8Yab35eYvlDs2_H3t8TsBkqI\" target=\"_blank\">luxmusicae.com<\/a><\/p>\n","protected":false},"excerpt":{"rendered":"<p>Coronabegr\u00e4sningar forts\u00e4tter. Det ser ut att det kommer inte tillr\u00e4ckligt mycket l\u00e4ttnader f\u00f6r att ordna inomhuskonserten. D\u00e4rf\u00f6r kan vi inte genomf\u00f6ra 4.6. Bellman-konsert i Svidja. Vi \u00e4r mycket ledsna \u00f6ver detta. Om du har k\u00f6pt en biljett via Lippu.fi, v\u00e4nligen kontakta dom f\u00f6r att f\u00e5 ers\u00e4ttningen. De andra info(at)luxmusicae.com<\/p>\n","protected":false},"author":3,"featured_media":0,"comment_status":"closed","ping_status":"open","sticky":false,"template":"","format":"standard","meta":{"_uag_custom_page_level_css":"","jetpack_post_was_ever_published":false,"_jetpack_newsletter_access":"","_jetpack_dont_email_post_to_subs":false,"_jetpack_newsletter_tier_id":0,"_jetpack_memberships_contains_paywalled_content":false,"_jetpack_memberships_contains_paid_content":false,"footnotes":""},"categories":[26],"tags":[],"class_list":["post-3833","post","type-post","status-publish","format-standard","hentry","category-uutiset-nyheter-news-sv"],"yoast_head":"<!-- This site is optimized with the Yoast SEO plugin v26.8 - https:\/\/yoast.com\/product\/yoast-seo-wordpress\/ -->\n<title>Lux Musicae 13.-15.11.2026 - Bellman-konserten 4.6. har avbrutits<\/title>\n<meta name=\"robots\" content=\"index, follow, max-snippet:-1, max-image-preview:large, max-video-preview:-1\" \/>\n<link rel=\"canonical\" href=\"https:\/\/luxmusicae.com\/sv\/bellman-konserten-4-6-har-avbrutits\/\" \/>\n<meta property=\"og:locale\" content=\"sv_SE\" \/>\n<meta property=\"og:type\" content=\"article\" \/>\n<meta property=\"og:title\" content=\"Lux Musicae 13.-15.11.2026 - Bellman-konserten 4.6. har avbrutits\" \/>\n<meta property=\"og:description\" content=\"Coronabegr\u00e4sningar forts\u00e4tter. Det ser ut att det kommer inte tillr\u00e4ckligt mycket l\u00e4ttnader f\u00f6r att ordna inomhuskonserten. D\u00e4rf\u00f6r kan vi inte genomf\u00f6ra 4.6. Bellman-konsert i Svidja. Vi \u00e4r mycket ledsna \u00f6ver detta. Om du har k\u00f6pt en biljett via Lippu.fi, v\u00e4nligen kontakta dom f\u00f6r att f\u00e5 ers\u00e4ttningen. De andra info(at)luxmusicae.com\" \/>\n<meta property=\"og:url\" content=\"https:\/\/luxmusicae.com\/sv\/bellman-konserten-4-6-har-avbrutits\/\" \/>\n<meta property=\"og:site_name\" content=\"Lux Musicae 13.-15.11.2026\" \/>\n<meta property=\"article:published_time\" content=\"2021-05-22T09:15:57+00:00\" \/>\n<meta property=\"article:modified_time\" content=\"2021-05-22T09:15:59+00:00\" \/>\n<meta property=\"og:image\" content=\"https:\/\/i0.wp.com\/luxmusicae.com\/wp-content\/uploads\/2025\/07\/LuxMusicae2025_www_HEADER_KORJ.png?fit=2400%2C1600&ssl=1\" \/>\n\t<meta property=\"og:image:width\" content=\"2400\" \/>\n\t<meta property=\"og:image:height\" content=\"1600\" \/>\n\t<meta property=\"og:image:type\" content=\"image\/png\" \/>\n<meta name=\"author\" content=\"Arja Alho\" \/>\n<meta name=\"twitter:card\" content=\"summary_large_image\" \/>\n<meta name=\"twitter:label1\" content=\"Skriven av\" \/>\n\t<meta name=\"twitter:data1\" content=\"Arja Alho\" \/>\n<script type=\"application\/ld+json\" class=\"yoast-schema-graph\">{\"@context\":\"https:\/\/schema.org\",\"@graph\":[{\"@type\":\"Article\",\"@id\":\"https:\/\/luxmusicae.com\/sv\/bellman-konserten-4-6-har-avbrutits\/#article\",\"isPartOf\":{\"@id\":\"https:\/\/luxmusicae.com\/sv\/bellman-konserten-4-6-har-avbrutits\/\"},\"author\":{\"name\":\"Arja Alho\",\"@id\":\"https:\/\/luxmusicae.com\/#\/schema\/person\/3d48cb62b1d54d72d79d0cd493f18d90\"},\"headline\":\"Bellman-konserten 4.6. har avbrutits\",\"datePublished\":\"2021-05-22T09:15:57+00:00\",\"dateModified\":\"2021-05-22T09:15:59+00:00\",\"mainEntityOfPage\":{\"@id\":\"https:\/\/luxmusicae.com\/sv\/bellman-konserten-4-6-har-avbrutits\/\"},\"wordCount\":67,\"publisher\":{\"@id\":\"https:\/\/luxmusicae.com\/#organization\"},\"articleSection\":[\"Uutiset-Nyheter-News\"],\"inLanguage\":\"sv-SE\"},{\"@type\":\"WebPage\",\"@id\":\"https:\/\/luxmusicae.com\/sv\/bellman-konserten-4-6-har-avbrutits\/\",\"url\":\"https:\/\/luxmusicae.com\/sv\/bellman-konserten-4-6-har-avbrutits\/\",\"name\":\"Lux Musicae 13.-15.11.2026 - Bellman-konserten 4.6. har avbrutits\",\"isPartOf\":{\"@id\":\"https:\/\/luxmusicae.com\/#website\"},\"datePublished\":\"2021-05-22T09:15:57+00:00\",\"dateModified\":\"2021-05-22T09:15:59+00:00\",\"breadcrumb\":{\"@id\":\"https:\/\/luxmusicae.com\/sv\/bellman-konserten-4-6-har-avbrutits\/#breadcrumb\"},\"inLanguage\":\"sv-SE\",\"potentialAction\":[{\"@type\":\"ReadAction\",\"target\":[\"https:\/\/luxmusicae.com\/sv\/bellman-konserten-4-6-har-avbrutits\/\"]}]},{\"@type\":\"BreadcrumbList\",\"@id\":\"https:\/\/luxmusicae.com\/sv\/bellman-konserten-4-6-har-avbrutits\/#breadcrumb\",\"itemListElement\":[{\"@type\":\"ListItem\",\"position\":1,\"name\":\"Etusivu\",\"item\":\"https:\/\/luxmusicae.com\/\"},{\"@type\":\"ListItem\",\"position\":2,\"name\":\"Bellman-konserten 4.6. har avbrutits\"}]},{\"@type\":\"WebSite\",\"@id\":\"https:\/\/luxmusicae.com\/#website\",\"url\":\"https:\/\/luxmusicae.com\/\",\"name\":\"Lux Musicae 13.-15.11.2026\",\"description\":\"Musiikkifestivaali Siuntiossa joka vuoden marraskuussa! - Musikfestival i Sjunde\u00e5. Varje \u00e5r i November! - Music Festival of Siuntio. Every year in november!\",\"publisher\":{\"@id\":\"https:\/\/luxmusicae.com\/#organization\"},\"potentialAction\":[{\"@type\":\"SearchAction\",\"target\":{\"@type\":\"EntryPoint\",\"urlTemplate\":\"https:\/\/luxmusicae.com\/?s={search_term_string}\"},\"query-input\":{\"@type\":\"PropertyValueSpecification\",\"valueRequired\":true,\"valueName\":\"search_term_string\"}}],\"inLanguage\":\"sv-SE\"},{\"@type\":\"Organization\",\"@id\":\"https:\/\/luxmusicae.com\/#organization\",\"name\":\"Lux Musicae 13.-15.11.2026\",\"url\":\"https:\/\/luxmusicae.com\/\",\"logo\":{\"@type\":\"ImageObject\",\"inLanguage\":\"sv-SE\",\"@id\":\"https:\/\/luxmusicae.com\/#\/schema\/logo\/image\/\",\"url\":\"https:\/\/i0.wp.com\/luxmusicae.com\/wp-content\/uploads\/2024\/07\/cropped-LuxMusicae2024_www_LOGO.png?fit=100%2C100&ssl=1\",\"contentUrl\":\"https:\/\/i0.wp.com\/luxmusicae.com\/wp-content\/uploads\/2024\/07\/cropped-LuxMusicae2024_www_LOGO.png?fit=100%2C100&ssl=1\",\"width\":100,\"height\":100,\"caption\":\"Lux Musicae 13.-15.11.2026\"},\"image\":{\"@id\":\"https:\/\/luxmusicae.com\/#\/schema\/logo\/image\/\"}},{\"@type\":\"Person\",\"@id\":\"https:\/\/luxmusicae.com\/#\/schema\/person\/3d48cb62b1d54d72d79d0cd493f18d90\",\"name\":\"Arja Alho\",\"image\":{\"@type\":\"ImageObject\",\"inLanguage\":\"sv-SE\",\"@id\":\"https:\/\/luxmusicae.com\/#\/schema\/person\/image\/\",\"url\":\"https:\/\/secure.gravatar.com\/avatar\/8df9dc05ccacfbda777f02322c989ed29b67de9bb6cc82cfaf7bdb5b4aa4d299?s=96&d=blank&r=g\",\"contentUrl\":\"https:\/\/secure.gravatar.com\/avatar\/8df9dc05ccacfbda777f02322c989ed29b67de9bb6cc82cfaf7bdb5b4aa4d299?s=96&d=blank&r=g\",\"caption\":\"Arja Alho\"},\"url\":\"https:\/\/luxmusicae.com\/sv\/author\/arja\/\"}]}<\/script>\n<!-- \/ Yoast SEO plugin. -->","yoast_head_json":{"title":"Lux Musicae 13.-15.11.2026 - Bellman-konserten 4.6. har avbrutits","robots":{"index":"index","follow":"follow","max-snippet":"max-snippet:-1","max-image-preview":"max-image-preview:large","max-video-preview":"max-video-preview:-1"},"canonical":"https:\/\/luxmusicae.com\/sv\/bellman-konserten-4-6-har-avbrutits\/","og_locale":"sv_SE","og_type":"article","og_title":"Lux Musicae 13.-15.11.2026 - Bellman-konserten 4.6. har avbrutits","og_description":"Coronabegr\u00e4sningar forts\u00e4tter. Det ser ut att det kommer inte tillr\u00e4ckligt mycket l\u00e4ttnader f\u00f6r att ordna inomhuskonserten. D\u00e4rf\u00f6r kan vi inte genomf\u00f6ra 4.6. Bellman-konsert i Svidja. Vi \u00e4r mycket ledsna \u00f6ver detta. Om du har k\u00f6pt en biljett via Lippu.fi, v\u00e4nligen kontakta dom f\u00f6r att f\u00e5 ers\u00e4ttningen. De andra info(at)luxmusicae.com","og_url":"https:\/\/luxmusicae.com\/sv\/bellman-konserten-4-6-har-avbrutits\/","og_site_name":"Lux Musicae 13.-15.11.2026","article_published_time":"2021-05-22T09:15:57+00:00","article_modified_time":"2021-05-22T09:15:59+00:00","og_image":[{"width":2400,"height":1600,"url":"https:\/\/i0.wp.com\/luxmusicae.com\/wp-content\/uploads\/2025\/07\/LuxMusicae2025_www_HEADER_KORJ.png?fit=2400%2C1600&ssl=1","type":"image\/png"}],"author":"Arja Alho","twitter_card":"summary_large_image","twitter_misc":{"Skriven av":"Arja Alho"},"schema":{"@context":"https:\/\/schema.org","@graph":[{"@type":"Article","@id":"https:\/\/luxmusicae.com\/sv\/bellman-konserten-4-6-har-avbrutits\/#article","isPartOf":{"@id":"https:\/\/luxmusicae.com\/sv\/bellman-konserten-4-6-har-avbrutits\/"},"author":{"name":"Arja Alho","@id":"https:\/\/luxmusicae.com\/#\/schema\/person\/3d48cb62b1d54d72d79d0cd493f18d90"},"headline":"Bellman-konserten 4.6. har avbrutits","datePublished":"2021-05-22T09:15:57+00:00","dateModified":"2021-05-22T09:15:59+00:00","mainEntityOfPage":{"@id":"https:\/\/luxmusicae.com\/sv\/bellman-konserten-4-6-har-avbrutits\/"},"wordCount":67,"publisher":{"@id":"https:\/\/luxmusicae.com\/#organization"},"articleSection":["Uutiset-Nyheter-News"],"inLanguage":"sv-SE"},{"@type":"WebPage","@id":"https:\/\/luxmusicae.com\/sv\/bellman-konserten-4-6-har-avbrutits\/","url":"https:\/\/luxmusicae.com\/sv\/bellman-konserten-4-6-har-avbrutits\/","name":"Lux Musicae 13.-15.11.2026 - Bellman-konserten 4.6. har avbrutits","isPartOf":{"@id":"https:\/\/luxmusicae.com\/#website"},"datePublished":"2021-05-22T09:15:57+00:00","dateModified":"2021-05-22T09:15:59+00:00","breadcrumb":{"@id":"https:\/\/luxmusicae.com\/sv\/bellman-konserten-4-6-har-avbrutits\/#breadcrumb"},"inLanguage":"sv-SE","potentialAction":[{"@type":"ReadAction","target":["https:\/\/luxmusicae.com\/sv\/bellman-konserten-4-6-har-avbrutits\/"]}]},{"@type":"BreadcrumbList","@id":"https:\/\/luxmusicae.com\/sv\/bellman-konserten-4-6-har-avbrutits\/#breadcrumb","itemListElement":[{"@type":"ListItem","position":1,"name":"Etusivu","item":"https:\/\/luxmusicae.com\/"},{"@type":"ListItem","position":2,"name":"Bellman-konserten 4.6. har avbrutits"}]},{"@type":"WebSite","@id":"https:\/\/luxmusicae.com\/#website","url":"https:\/\/luxmusicae.com\/","name":"Lux Musicae 13.-15.11.2026","description":"Musiikkifestivaali Siuntiossa joka vuoden marraskuussa! - Musikfestival i Sjunde\u00e5. Varje \u00e5r i November! - Music Festival of Siuntio. Every year in november!","publisher":{"@id":"https:\/\/luxmusicae.com\/#organization"},"potentialAction":[{"@type":"SearchAction","target":{"@type":"EntryPoint","urlTemplate":"https:\/\/luxmusicae.com\/?s={search_term_string}"},"query-input":{"@type":"PropertyValueSpecification","valueRequired":true,"valueName":"search_term_string"}}],"inLanguage":"sv-SE"},{"@type":"Organization","@id":"https:\/\/luxmusicae.com\/#organization","name":"Lux Musicae 13.-15.11.2026","url":"https:\/\/luxmusicae.com\/","logo":{"@type":"ImageObject","inLanguage":"sv-SE","@id":"https:\/\/luxmusicae.com\/#\/schema\/logo\/image\/","url":"https:\/\/i0.wp.com\/luxmusicae.com\/wp-content\/uploads\/2024\/07\/cropped-LuxMusicae2024_www_LOGO.png?fit=100%2C100&ssl=1","contentUrl":"https:\/\/i0.wp.com\/luxmusicae.com\/wp-content\/uploads\/2024\/07\/cropped-LuxMusicae2024_www_LOGO.png?fit=100%2C100&ssl=1","width":100,"height":100,"caption":"Lux Musicae 13.-15.11.2026"},"image":{"@id":"https:\/\/luxmusicae.com\/#\/schema\/logo\/image\/"}},{"@type":"Person","@id":"https:\/\/luxmusicae.com\/#\/schema\/person\/3d48cb62b1d54d72d79d0cd493f18d90","name":"Arja Alho","image":{"@type":"ImageObject","inLanguage":"sv-SE","@id":"https:\/\/luxmusicae.com\/#\/schema\/person\/image\/","url":"https:\/\/secure.gravatar.com\/avatar\/8df9dc05ccacfbda777f02322c989ed29b67de9bb6cc82cfaf7bdb5b4aa4d299?s=96&d=blank&r=g","contentUrl":"https:\/\/secure.gravatar.com\/avatar\/8df9dc05ccacfbda777f02322c989ed29b67de9bb6cc82cfaf7bdb5b4aa4d299?s=96&d=blank&r=g","caption":"Arja Alho"},"url":"https:\/\/luxmusicae.com\/sv\/author\/arja\/"}]}},"jetpack_featured_media_url":"","uagb_featured_image_src":{"full":false,"thumbnail":false,"medium":false,"medium_large":false,"large":false,"1536x1536":false,"2048x2048":false,"ect-jetpack-portfolio-featured":false,"ect-featured-content":false,"jetpack-portfolio-admin-thumb":false,"featured-content-admin-thumb":false},"uagb_author_info":{"display_name":"Arja Alho","author_link":"https:\/\/luxmusicae.com\/sv\/author\/arja\/"},"uagb_comment_info":0,"uagb_excerpt":"Coronabegr\u00e4sningar forts\u00e4tter. Det ser ut att det kommer inte tillr\u00e4ckligt mycket l\u00e4ttnader f\u00f6r att ordna inomhuskonserten. D\u00e4rf\u00f6r kan vi inte genomf\u00f6ra 4.6. Bellman-konsert i Svidja. Vi \u00e4r mycket ledsna \u00f6ver detta. Om du har k\u00f6pt en biljett via Lippu.fi, v\u00e4nligen kontakta dom f\u00f6r att f\u00e5 ers\u00e4ttningen. De andra info(at)luxmusicae.com","jetpack_shortlink":"https:\/\/wp.me\/p968cz-ZP","jetpack_sharing_enabled":true,"_links":{"self":[{"href":"https:\/\/luxmusicae.com\/sv\/wp-json\/wp\/v2\/posts\/3833","targetHints":{"allow":["GET"]}}],"collection":[{"href":"https:\/\/luxmusicae.com\/sv\/wp-json\/wp\/v2\/posts"}],"about":[{"href":"https:\/\/luxmusicae.com\/sv\/wp-json\/wp\/v2\/types\/post"}],"author":[{"embeddable":true,"href":"https:\/\/luxmusicae.com\/sv\/wp-json\/wp\/v2\/users\/3"}],"replies":[{"embeddable":true,"href":"https:\/\/luxmusicae.com\/sv\/wp-json\/wp\/v2\/comments?post=3833"}],"version-history":[{"count":1,"href":"https:\/\/luxmusicae.com\/sv\/wp-json\/wp\/v2\/posts\/3833\/revisions"}],"predecessor-version":[{"id":3834,"href":"https:\/\/luxmusicae.com\/sv\/wp-json\/wp\/v2\/posts\/3833\/revisions\/3834"}],"wp:attachment":[{"href":"https:\/\/luxmusicae.com\/sv\/wp-json\/wp\/v2\/media?parent=3833"}],"wp:term":[{"taxonomy":"category","embeddable":true,"href":"https:\/\/luxmusicae.com\/sv\/wp-json\/wp\/v2\/categories?post=3833"},{"taxonomy":"post_tag","embeddable":true,"href":"https:\/\/luxmusicae.com\/sv\/wp-json\/wp\/v2\/tags?post=3833"}],"curies":[{"name":"wp","href":"https:\/\/api.w.org\/{rel}","templated":true}]}}