{"id":3533,"date":"2020-06-08T14:31:03","date_gmt":"2020-06-08T11:31:03","guid":{"rendered":"http:\/\/luxmusicae.com\/?p=3533"},"modified":"2020-06-08T14:31:05","modified_gmt":"2020-06-08T11:31:05","slug":"forenade-vid-havet","status":"publish","type":"post","link":"https:\/\/luxmusicae.com\/sv\/forenade-vid-havet\/","title":{"rendered":"F\u00f6renade vid havet"},"content":{"rendered":"\n<pre class=\"wp-block-preformatted\">21. Lux Musicae g\u00f6r en resa fr\u00e5n St Petersburg via Sjunde\u00e5 till Stockholm och vice versa. Festivalens tema \u00e4r F\u00f6renade vid havet. Det betonar havets betydelse som en l\u00e4nk mellan kulturer och nationer f\u00f6re, nu och i framtiden, men ocks\u00e5 vikten av att bromsa klimatf\u00f6r\u00e4ndringarna och skydda havet, s\u00e4rskilt \u00d6stersj\u00f6n.\n\nDen 21. Lux Musicae-festivalen h\u00e5lls trots exceptionella tider. Vi erbjuder en musikalisk oas f\u00f6r er just nu n\u00e4r tiden understrykar socialt avst\u00e5nd.\n\nSamtidigt firar festivalen ocks\u00e5 den 560 \u00e5r gamla Sjunde\u00e5, dess rika kulturhistoria som en del av \u00f6stra Sverige och v\u00e4stra Ryssland, men s\u00e4rskilt dess nuvarande som en tv\u00e5spr\u00e5kig kommun d\u00e4r m\u00e4nniskors liv interagerar med naturen, havet, kulturen - och vardagens oro och gl\u00e4dje.\n\nI festivalens kyrkokonserter presenterar vi pianisten Roland P\u00f6ntinen fr\u00e5n Sverige och den finska folkmusikpion\u00e4ren Maria Kalaniemi och Eero Grundstr\u00f6m. Under ledning av den unga och vilda dirigenten Janne Nisonen kommer Igor Stravinskijs Historian om en soldat att realiseras med musikerna fr\u00e5n Lojo stadsorkester. Stravinskij mognade musikverket om upplevelsen av skr\u00e4cken fr\u00e5n f\u00f6rsta v\u00e4rldskriget. Verket passar bra med temat som betonar vikten av fred och dialog mellan folk.\n\nFestivalen kommer ocks\u00e5 att inneh\u00e5lla Pentti Hild\u00e9ns trio och Bellmans musik p\u00e5 Svidja G\u00e5rd. S\u00e5 det blir unika upplevelser i unika konsertmilj\u00f6er!\n\nBiljettf\u00f6rs\u00e4ljningen b\u00f6rjar efter mitten av augusti.Lux Musicae \u00e4r v\u00e4rt att uppleva med alla sinnen 13-15.11.2020<\/pre>\n","protected":false},"excerpt":{"rendered":"<p>21. Lux Musicae g\u00f6r en resa fr\u00e5n St Petersburg via Sjunde\u00e5 till Stockholm och vice versa. Festivalens tema \u00e4r F\u00f6renade vid havet. Det betonar havets betydelse som en l\u00e4nk mellan kulturer och nationer f\u00f6re, nu och i framtiden, men ocks\u00e5 vikten av att bromsa klimatf\u00f6r\u00e4ndringarna och skydda havet, s\u00e4rskilt \u00d6stersj\u00f6n. Den 21. Lux Musicae-festivalen h\u00e5lls [&hellip;]<\/p>\n","protected":false},"author":3,"featured_media":0,"comment_status":"closed","ping_status":"open","sticky":false,"template":"","format":"standard","meta":{"_uag_custom_page_level_css":"","jetpack_post_was_ever_published":false,"_jetpack_newsletter_access":"","_jetpack_dont_email_post_to_subs":false,"_jetpack_newsletter_tier_id":0,"_jetpack_memberships_contains_paywalled_content":false,"_jetpack_memberships_contains_paid_content":false,"footnotes":""},"categories":[26],"tags":[],"class_list":["post-3533","post","type-post","status-publish","format-standard","hentry","category-uutiset-nyheter-news-sv"],"yoast_head":"<!-- This site is optimized with the Yoast SEO plugin v26.8 - https:\/\/yoast.com\/product\/yoast-seo-wordpress\/ -->\n<title>Lux Musicae 13.-15.11.2026 - F\u00f6renade vid havet<\/title>\n<meta name=\"robots\" content=\"index, follow, max-snippet:-1, max-image-preview:large, max-video-preview:-1\" \/>\n<link rel=\"canonical\" href=\"https:\/\/luxmusicae.com\/sv\/forenade-vid-havet\/\" \/>\n<meta property=\"og:locale\" content=\"sv_SE\" \/>\n<meta property=\"og:type\" content=\"article\" \/>\n<meta property=\"og:title\" content=\"Lux Musicae 13.-15.11.2026 - F\u00f6renade vid havet\" \/>\n<meta property=\"og:description\" content=\"21. Lux Musicae g\u00f6r en resa fr\u00e5n St Petersburg via Sjunde\u00e5 till Stockholm och vice versa. Festivalens tema \u00e4r F\u00f6renade vid havet. Det betonar havets betydelse som en l\u00e4nk mellan kulturer och nationer f\u00f6re, nu och i framtiden, men ocks\u00e5 vikten av att bromsa klimatf\u00f6r\u00e4ndringarna och skydda havet, s\u00e4rskilt \u00d6stersj\u00f6n. Den 21. Lux Musicae-festivalen h\u00e5lls [&hellip;]\" \/>\n<meta property=\"og:url\" content=\"https:\/\/luxmusicae.com\/sv\/forenade-vid-havet\/\" \/>\n<meta property=\"og:site_name\" content=\"Lux Musicae 13.-15.11.2026\" \/>\n<meta property=\"article:published_time\" content=\"2020-06-08T11:31:03+00:00\" \/>\n<meta property=\"article:modified_time\" content=\"2020-06-08T11:31:05+00:00\" \/>\n<meta property=\"og:image\" content=\"https:\/\/i0.wp.com\/luxmusicae.com\/wp-content\/uploads\/2025\/07\/LuxMusicae2025_www_HEADER_KORJ.png?fit=2400%2C1600&ssl=1\" \/>\n\t<meta property=\"og:image:width\" content=\"2400\" \/>\n\t<meta property=\"og:image:height\" content=\"1600\" \/>\n\t<meta property=\"og:image:type\" content=\"image\/png\" \/>\n<meta name=\"author\" content=\"Arja Alho\" \/>\n<meta name=\"twitter:card\" content=\"summary_large_image\" \/>\n<meta name=\"twitter:label1\" content=\"Skriven av\" \/>\n\t<meta name=\"twitter:data1\" content=\"Arja Alho\" \/>\n\t<meta name=\"twitter:label2\" content=\"Ber\u00e4knad l\u00e4stid\" \/>\n\t<meta name=\"twitter:data2\" content=\"1 minut\" \/>\n<script type=\"application\/ld+json\" class=\"yoast-schema-graph\">{\"@context\":\"https:\/\/schema.org\",\"@graph\":[{\"@type\":\"Article\",\"@id\":\"https:\/\/luxmusicae.com\/sv\/forenade-vid-havet\/#article\",\"isPartOf\":{\"@id\":\"https:\/\/luxmusicae.com\/sv\/forenade-vid-havet\/\"},\"author\":{\"name\":\"Arja Alho\",\"@id\":\"https:\/\/luxmusicae.com\/#\/schema\/person\/3d48cb62b1d54d72d79d0cd493f18d90\"},\"headline\":\"F\u00f6renade vid havet\",\"datePublished\":\"2020-06-08T11:31:03+00:00\",\"dateModified\":\"2020-06-08T11:31:05+00:00\",\"mainEntityOfPage\":{\"@id\":\"https:\/\/luxmusicae.com\/sv\/forenade-vid-havet\/\"},\"wordCount\":4,\"publisher\":{\"@id\":\"https:\/\/luxmusicae.com\/#organization\"},\"articleSection\":[\"Uutiset-Nyheter-News\"],\"inLanguage\":\"sv-SE\"},{\"@type\":\"WebPage\",\"@id\":\"https:\/\/luxmusicae.com\/sv\/forenade-vid-havet\/\",\"url\":\"https:\/\/luxmusicae.com\/sv\/forenade-vid-havet\/\",\"name\":\"Lux Musicae 13.-15.11.2026 - F\u00f6renade vid havet\",\"isPartOf\":{\"@id\":\"https:\/\/luxmusicae.com\/#website\"},\"datePublished\":\"2020-06-08T11:31:03+00:00\",\"dateModified\":\"2020-06-08T11:31:05+00:00\",\"breadcrumb\":{\"@id\":\"https:\/\/luxmusicae.com\/sv\/forenade-vid-havet\/#breadcrumb\"},\"inLanguage\":\"sv-SE\",\"potentialAction\":[{\"@type\":\"ReadAction\",\"target\":[\"https:\/\/luxmusicae.com\/sv\/forenade-vid-havet\/\"]}]},{\"@type\":\"BreadcrumbList\",\"@id\":\"https:\/\/luxmusicae.com\/sv\/forenade-vid-havet\/#breadcrumb\",\"itemListElement\":[{\"@type\":\"ListItem\",\"position\":1,\"name\":\"Etusivu\",\"item\":\"https:\/\/luxmusicae.com\/\"},{\"@type\":\"ListItem\",\"position\":2,\"name\":\"F\u00f6renade vid havet\"}]},{\"@type\":\"WebSite\",\"@id\":\"https:\/\/luxmusicae.com\/#website\",\"url\":\"https:\/\/luxmusicae.com\/\",\"name\":\"Lux Musicae 13.-15.11.2026\",\"description\":\"Musiikkifestivaali Siuntiossa joka vuoden marraskuussa! - Musikfestival i Sjunde\u00e5. Varje \u00e5r i November! - Music Festival of Siuntio. Every year in november!\",\"publisher\":{\"@id\":\"https:\/\/luxmusicae.com\/#organization\"},\"potentialAction\":[{\"@type\":\"SearchAction\",\"target\":{\"@type\":\"EntryPoint\",\"urlTemplate\":\"https:\/\/luxmusicae.com\/?s={search_term_string}\"},\"query-input\":{\"@type\":\"PropertyValueSpecification\",\"valueRequired\":true,\"valueName\":\"search_term_string\"}}],\"inLanguage\":\"sv-SE\"},{\"@type\":\"Organization\",\"@id\":\"https:\/\/luxmusicae.com\/#organization\",\"name\":\"Lux Musicae 13.-15.11.2026\",\"url\":\"https:\/\/luxmusicae.com\/\",\"logo\":{\"@type\":\"ImageObject\",\"inLanguage\":\"sv-SE\",\"@id\":\"https:\/\/luxmusicae.com\/#\/schema\/logo\/image\/\",\"url\":\"https:\/\/i0.wp.com\/luxmusicae.com\/wp-content\/uploads\/2024\/07\/cropped-LuxMusicae2024_www_LOGO.png?fit=100%2C100&ssl=1\",\"contentUrl\":\"https:\/\/i0.wp.com\/luxmusicae.com\/wp-content\/uploads\/2024\/07\/cropped-LuxMusicae2024_www_LOGO.png?fit=100%2C100&ssl=1\",\"width\":100,\"height\":100,\"caption\":\"Lux Musicae 13.-15.11.2026\"},\"image\":{\"@id\":\"https:\/\/luxmusicae.com\/#\/schema\/logo\/image\/\"}},{\"@type\":\"Person\",\"@id\":\"https:\/\/luxmusicae.com\/#\/schema\/person\/3d48cb62b1d54d72d79d0cd493f18d90\",\"name\":\"Arja Alho\",\"image\":{\"@type\":\"ImageObject\",\"inLanguage\":\"sv-SE\",\"@id\":\"https:\/\/luxmusicae.com\/#\/schema\/person\/image\/\",\"url\":\"https:\/\/secure.gravatar.com\/avatar\/8df9dc05ccacfbda777f02322c989ed29b67de9bb6cc82cfaf7bdb5b4aa4d299?s=96&d=blank&r=g\",\"contentUrl\":\"https:\/\/secure.gravatar.com\/avatar\/8df9dc05ccacfbda777f02322c989ed29b67de9bb6cc82cfaf7bdb5b4aa4d299?s=96&d=blank&r=g\",\"caption\":\"Arja Alho\"},\"url\":\"https:\/\/luxmusicae.com\/sv\/author\/arja\/\"}]}<\/script>\n<!-- \/ Yoast SEO plugin. -->","yoast_head_json":{"title":"Lux Musicae 13.-15.11.2026 - F\u00f6renade vid havet","robots":{"index":"index","follow":"follow","max-snippet":"max-snippet:-1","max-image-preview":"max-image-preview:large","max-video-preview":"max-video-preview:-1"},"canonical":"https:\/\/luxmusicae.com\/sv\/forenade-vid-havet\/","og_locale":"sv_SE","og_type":"article","og_title":"Lux Musicae 13.-15.11.2026 - F\u00f6renade vid havet","og_description":"21. Lux Musicae g\u00f6r en resa fr\u00e5n St Petersburg via Sjunde\u00e5 till Stockholm och vice versa. Festivalens tema \u00e4r F\u00f6renade vid havet. Det betonar havets betydelse som en l\u00e4nk mellan kulturer och nationer f\u00f6re, nu och i framtiden, men ocks\u00e5 vikten av att bromsa klimatf\u00f6r\u00e4ndringarna och skydda havet, s\u00e4rskilt \u00d6stersj\u00f6n. Den 21. Lux Musicae-festivalen h\u00e5lls [&hellip;]","og_url":"https:\/\/luxmusicae.com\/sv\/forenade-vid-havet\/","og_site_name":"Lux Musicae 13.-15.11.2026","article_published_time":"2020-06-08T11:31:03+00:00","article_modified_time":"2020-06-08T11:31:05+00:00","og_image":[{"width":2400,"height":1600,"url":"https:\/\/i0.wp.com\/luxmusicae.com\/wp-content\/uploads\/2025\/07\/LuxMusicae2025_www_HEADER_KORJ.png?fit=2400%2C1600&ssl=1","type":"image\/png"}],"author":"Arja Alho","twitter_card":"summary_large_image","twitter_misc":{"Skriven av":"Arja Alho","Ber\u00e4knad l\u00e4stid":"1 minut"},"schema":{"@context":"https:\/\/schema.org","@graph":[{"@type":"Article","@id":"https:\/\/luxmusicae.com\/sv\/forenade-vid-havet\/#article","isPartOf":{"@id":"https:\/\/luxmusicae.com\/sv\/forenade-vid-havet\/"},"author":{"name":"Arja Alho","@id":"https:\/\/luxmusicae.com\/#\/schema\/person\/3d48cb62b1d54d72d79d0cd493f18d90"},"headline":"F\u00f6renade vid havet","datePublished":"2020-06-08T11:31:03+00:00","dateModified":"2020-06-08T11:31:05+00:00","mainEntityOfPage":{"@id":"https:\/\/luxmusicae.com\/sv\/forenade-vid-havet\/"},"wordCount":4,"publisher":{"@id":"https:\/\/luxmusicae.com\/#organization"},"articleSection":["Uutiset-Nyheter-News"],"inLanguage":"sv-SE"},{"@type":"WebPage","@id":"https:\/\/luxmusicae.com\/sv\/forenade-vid-havet\/","url":"https:\/\/luxmusicae.com\/sv\/forenade-vid-havet\/","name":"Lux Musicae 13.-15.11.2026 - F\u00f6renade vid havet","isPartOf":{"@id":"https:\/\/luxmusicae.com\/#website"},"datePublished":"2020-06-08T11:31:03+00:00","dateModified":"2020-06-08T11:31:05+00:00","breadcrumb":{"@id":"https:\/\/luxmusicae.com\/sv\/forenade-vid-havet\/#breadcrumb"},"inLanguage":"sv-SE","potentialAction":[{"@type":"ReadAction","target":["https:\/\/luxmusicae.com\/sv\/forenade-vid-havet\/"]}]},{"@type":"BreadcrumbList","@id":"https:\/\/luxmusicae.com\/sv\/forenade-vid-havet\/#breadcrumb","itemListElement":[{"@type":"ListItem","position":1,"name":"Etusivu","item":"https:\/\/luxmusicae.com\/"},{"@type":"ListItem","position":2,"name":"F\u00f6renade vid havet"}]},{"@type":"WebSite","@id":"https:\/\/luxmusicae.com\/#website","url":"https:\/\/luxmusicae.com\/","name":"Lux Musicae 13.-15.11.2026","description":"Musiikkifestivaali Siuntiossa joka vuoden marraskuussa! - Musikfestival i Sjunde\u00e5. Varje \u00e5r i November! - Music Festival of Siuntio. Every year in november!","publisher":{"@id":"https:\/\/luxmusicae.com\/#organization"},"potentialAction":[{"@type":"SearchAction","target":{"@type":"EntryPoint","urlTemplate":"https:\/\/luxmusicae.com\/?s={search_term_string}"},"query-input":{"@type":"PropertyValueSpecification","valueRequired":true,"valueName":"search_term_string"}}],"inLanguage":"sv-SE"},{"@type":"Organization","@id":"https:\/\/luxmusicae.com\/#organization","name":"Lux Musicae 13.-15.11.2026","url":"https:\/\/luxmusicae.com\/","logo":{"@type":"ImageObject","inLanguage":"sv-SE","@id":"https:\/\/luxmusicae.com\/#\/schema\/logo\/image\/","url":"https:\/\/i0.wp.com\/luxmusicae.com\/wp-content\/uploads\/2024\/07\/cropped-LuxMusicae2024_www_LOGO.png?fit=100%2C100&ssl=1","contentUrl":"https:\/\/i0.wp.com\/luxmusicae.com\/wp-content\/uploads\/2024\/07\/cropped-LuxMusicae2024_www_LOGO.png?fit=100%2C100&ssl=1","width":100,"height":100,"caption":"Lux Musicae 13.-15.11.2026"},"image":{"@id":"https:\/\/luxmusicae.com\/#\/schema\/logo\/image\/"}},{"@type":"Person","@id":"https:\/\/luxmusicae.com\/#\/schema\/person\/3d48cb62b1d54d72d79d0cd493f18d90","name":"Arja Alho","image":{"@type":"ImageObject","inLanguage":"sv-SE","@id":"https:\/\/luxmusicae.com\/#\/schema\/person\/image\/","url":"https:\/\/secure.gravatar.com\/avatar\/8df9dc05ccacfbda777f02322c989ed29b67de9bb6cc82cfaf7bdb5b4aa4d299?s=96&d=blank&r=g","contentUrl":"https:\/\/secure.gravatar.com\/avatar\/8df9dc05ccacfbda777f02322c989ed29b67de9bb6cc82cfaf7bdb5b4aa4d299?s=96&d=blank&r=g","caption":"Arja Alho"},"url":"https:\/\/luxmusicae.com\/sv\/author\/arja\/"}]}},"jetpack_featured_media_url":"","uagb_featured_image_src":{"full":false,"thumbnail":false,"medium":false,"medium_large":false,"large":false,"1536x1536":false,"2048x2048":false,"ect-jetpack-portfolio-featured":false,"ect-featured-content":false,"jetpack-portfolio-admin-thumb":false,"featured-content-admin-thumb":false},"uagb_author_info":{"display_name":"Arja Alho","author_link":"https:\/\/luxmusicae.com\/sv\/author\/arja\/"},"uagb_comment_info":0,"uagb_excerpt":"21. Lux Musicae g\u00f6r en resa fr\u00e5n St Petersburg via Sjunde\u00e5 till Stockholm och vice versa. Festivalens tema \u00e4r F\u00f6renade vid havet. Det betonar havets betydelse som en l\u00e4nk mellan kulturer och nationer f\u00f6re, nu och i framtiden, men ocks\u00e5 vikten av att bromsa klimatf\u00f6r\u00e4ndringarna och skydda havet, s\u00e4rskilt \u00d6stersj\u00f6n. Den 21. Lux Musicae-festivalen h\u00e5lls&hellip;","jetpack_shortlink":"https:\/\/wp.me\/p968cz-UZ","jetpack_sharing_enabled":true,"_links":{"self":[{"href":"https:\/\/luxmusicae.com\/sv\/wp-json\/wp\/v2\/posts\/3533","targetHints":{"allow":["GET"]}}],"collection":[{"href":"https:\/\/luxmusicae.com\/sv\/wp-json\/wp\/v2\/posts"}],"about":[{"href":"https:\/\/luxmusicae.com\/sv\/wp-json\/wp\/v2\/types\/post"}],"author":[{"embeddable":true,"href":"https:\/\/luxmusicae.com\/sv\/wp-json\/wp\/v2\/users\/3"}],"replies":[{"embeddable":true,"href":"https:\/\/luxmusicae.com\/sv\/wp-json\/wp\/v2\/comments?post=3533"}],"version-history":[{"count":2,"href":"https:\/\/luxmusicae.com\/sv\/wp-json\/wp\/v2\/posts\/3533\/revisions"}],"predecessor-version":[{"id":3535,"href":"https:\/\/luxmusicae.com\/sv\/wp-json\/wp\/v2\/posts\/3533\/revisions\/3535"}],"wp:attachment":[{"href":"https:\/\/luxmusicae.com\/sv\/wp-json\/wp\/v2\/media?parent=3533"}],"wp:term":[{"taxonomy":"category","embeddable":true,"href":"https:\/\/luxmusicae.com\/sv\/wp-json\/wp\/v2\/categories?post=3533"},{"taxonomy":"post_tag","embeddable":true,"href":"https:\/\/luxmusicae.com\/sv\/wp-json\/wp\/v2\/tags?post=3533"}],"curies":[{"name":"wp","href":"https:\/\/api.w.org\/{rel}","templated":true}]}}